{"id":4117,"date":"2026-03-02T09:19:46","date_gmt":"2026-03-02T09:19:46","guid":{"rendered":"https:\/\/obitelj-vn.org\/?p=4117"},"modified":"2026-03-02T09:19:46","modified_gmt":"2026-03-02T09:19:46","slug":"u-kresevu-odrzan-tecaj-priprave-za-sakramentalni-brak","status":"publish","type":"post","link":"https:\/\/obitelj-vn.org\/?p=4117","title":{"rendered":"U Kre\u0161evu odr\u017ean te\u010daj priprave za sakramentalni brak"},"content":{"rendered":"<p>\u017dupa Uznesenja BDM u Kre\u0161evu bila je doma\u0107in te\u010daja priprave za sakramentalni brak, koji je odr\u017ean u subotu, 28. velja\u010de 2026. Na susretu je sudjelovalo 70 zaru\u010dnika, ve\u0107inom iz \u017eupa Kre\u0161evskog dekanata.<\/p>\n<p>Za vrijeme te\u010daja odr\u017eana su \u010detiri izlaganja iz teolo\u0161ko-duhovnog, psiholo\u0161ko-pedago\u0161kog, medicinskog i crkveno-pravnog podru\u010dja. Predava\u010di su bili: dr. sc. vl\u010d. Ante Vrhovac (povjerenik za pastoral braka i obitelji Vrhbosanske nadbiskupije), Emanuela Buzuk (pedagoginja), dr. med. Ana Pecirep \u0160eremet (specijalistica ginekologije i opstetricije) i mr. sc. vl\u010d. Paulo Coelho (crkveni pravnik). Uz odr\u017eana izlaganja sudionici su imali priliku sudjelovati u prigodnoj radionici iz podru\u010dja komunikacije u braku, te dati svoje osvrte na cjelokupni program kroz ispunjavanje anonimne ankete.<\/p>\n<p>Sljede\u0107i zaru\u010dni\u010dki te\u010daj odr\u017eat \u0107e se 7. o\u017eujka 2026. g. u \u017eupi sv. Ante Padovanskog u \u017dep\u010du.<\/p>\n<div id=\"grid-gallery-126-96471\" data-gg-id=\"126\" data-title=\"U Kre\u0161evu odr\u017ean te\u010daj priprave za sakramentalni brak\" data-grid-type=\"2\" data-offset=\"5.3\" data-area-position=\"center\" data-icons=\"\" data-preloader=\"true\" data-width=\"auto\" data-height=\"215\" data-padding=\"0\" data-quicksand=\"disabled\" data-quicksand-duration=\"1800\" data-popup-theme=\"theme_6\" data-popup-type=\"pretty-photo\" data-popup-image-text=\"data-description\" data-popup-widthsize=\"auto\" data-popup-heightsize=\"auto\" data-popup-i18n-words=\"{&quot;close&quot;:&quot;close&quot;,&quot;next&quot;:&quot;next&quot;,&quot;previous&quot;:&quot;previous&quot;,&quot;start_slideshow&quot;:&quot;start slideshow&quot;,&quot;stop_slideshow&quot;:&quot;stop slideshow&quot;,&quot;image&quot;:&quot;image&quot;,&quot;of&quot;:&quot;of&quot;,&quot;prev&quot;:&quot;prev&quot;,&quot;cExpand&quot;:&quot;Expand&quot;,&quot;cPrevious&quot;:&quot;Previous&quot;,&quot;cNext&quot;:&quot;Next&quot;,&quot;cExpandStr&quot;:&quot;Expand the image&quot;,&quot;cRotate&quot;:&quot;Rotate&quot;,&quot;cDetails&quot;:&quot;Details&quot;}\" data-popup-slideshow=\"false\" data-popup-slideshow-speed=\"2500\" data-popup-hoverstop=\"true\" data-popup-slideshow-auto=\"false\" data-popup-background=\"\" data-popup-transparency=\"30\" data-popup-disable-history=\"\" data-popup-disable-changed-url=\"\" data-popup-border-type=\"\" data-popup-border-color=\"\" data-popup-border-width=\"\" data-popup-border-enable=\"\" data-fullscreen=\"false\" data-hide-tooltip=\"false\" data-caption-font-family=\"Default\" data-caption-text-size=\"140\" data-is-mobile=\"0\" data-caption-mobile=\"false\" data-hide-long-tltp-title=\"0\" data-caption-disabled-on-mobile=\"false\" data-popup-placement-type=\"0\" data-social-sharing=\"{&quot;enabled&quot;:&quot;&quot;,&quot;gallerySharing&quot;:{&quot;enabled&quot;:null,&quot;position&quot;:null},&quot;imageSharing&quot;:{&quot;enabled&quot;:null,&quot;wrapperClass&quot;:&quot; vertical &quot;},&quot;popupSharing&quot;:{&quot;enabled&quot;:null,&quot;wrapperClass&quot;:&quot; vertical &quot;}}\" class=\"grid-gallery grid-gallery-fixed \" style=\" width:100%; height:auto; margin-left:auto; margin-right:auto;position:relative;\"> <div class=\"gallery-loading\"> <div class=\"blocks\"> <div class=\"block\"><\/div> <div class=\"block\"><\/div> <div class=\"block\"><\/div> <div class=\"block\"><\/div> <\/div> <\/div> <div class=\"gallery-sharing-top\" style=\"display:none;\"> <\/div> <div id=\"photos-126\" class=\"grid-gallery-photos\"><FIGURE class=\"grid-gallery-caption\" data-grid-gallery-type=\"quarter-two-step\" data-index=\"0\" style=\"display:none;border-radius:200;; margin:2.65px; height:2150; width:auto;\" ><div class=\"crop\" style=\"\"><img decoding=\"async\" src=\"https:\/\/obitelj-vn.org\/wp-content\/uploads\/2026\/03\/IMG_0942-rotated-161x215.jpeg\" class=\"ggImg ggNotInitImg\" alt=\"IMG_0942\" title=\"IMG_0942\" data-description=\"IMG_0942\" data-caption=\"IMG_0942\" data-title=\"IMG_0942\" style=\" height:215px; width:auto;\" \/><\/div><FIGCAPTION class=\"\" data-alpha=\"5\" style=\"color:#ffffff; background-color:#0c0000; font-size:140; text-align:2; font-family:Default;\" ><div class=\"grid-gallery-figcaption-wrap\" style=\"\"><\/div><\/FIGCAPTION><\/FIGURE><FIGURE class=\"grid-gallery-caption\" data-grid-gallery-type=\"quarter-two-step\" data-index=\"1\" style=\"display:none;border-radius:200;; margin:2.65px; height:2150; width:auto;\" ><div class=\"crop\" style=\"\"><img decoding=\"async\" src=\"https:\/\/obitelj-vn.org\/wp-content\/uploads\/2026\/03\/IMG_0941-rotated-161x215.jpeg\" class=\"ggImg ggNotInitImg\" alt=\"IMG_0941\" title=\"IMG_0941\" data-description=\"IMG_0941\" data-caption=\"IMG_0941\" data-title=\"IMG_0941\" style=\" height:215px; width:auto;\" \/><\/div><FIGCAPTION class=\"\" data-alpha=\"5\" style=\"color:#ffffff; background-color:#0c0000; font-size:140; text-align:2; font-family:Default;\" ><div class=\"grid-gallery-figcaption-wrap\" style=\"\"><\/div><\/FIGCAPTION><\/FIGURE><FIGURE class=\"grid-gallery-caption\" data-grid-gallery-type=\"quarter-two-step\" data-index=\"2\" style=\"display:none;border-radius:200;; margin:2.65px; height:2150; width:auto;\" ><div class=\"crop\" style=\"\"><img decoding=\"async\" src=\"https:\/\/obitelj-vn.org\/wp-content\/uploads\/2026\/03\/IMG_0940-287x215.jpeg\" class=\"ggImg ggNotInitImg\" alt=\"IMG_0940\" title=\"IMG_0940\" data-description=\"IMG_0940\" data-caption=\"IMG_0940\" data-title=\"IMG_0940\" style=\" height:215px; width:auto;\" \/><\/div><FIGCAPTION class=\"\" data-alpha=\"5\" style=\"color:#ffffff; background-color:#0c0000; font-size:140; text-align:2; font-family:Default;\" ><div class=\"grid-gallery-figcaption-wrap\" style=\"\"><\/div><\/FIGCAPTION><\/FIGURE><FIGURE class=\"grid-gallery-caption\" data-grid-gallery-type=\"quarter-two-step\" data-index=\"3\" style=\"display:none;border-radius:200;; margin:2.65px; height:2150; width:auto;\" ><div class=\"crop\" style=\"\"><img decoding=\"async\" src=\"https:\/\/obitelj-vn.org\/wp-content\/uploads\/2026\/03\/IMG_0939-rotated-161x215.jpeg\" class=\"ggImg ggNotInitImg\" alt=\"IMG_0939\" title=\"IMG_0939\" data-description=\"IMG_0939\" data-caption=\"IMG_0939\" data-title=\"IMG_0939\" style=\" height:215px; width:auto;\" \/><\/div><FIGCAPTION class=\"\" data-alpha=\"5\" style=\"color:#ffffff; background-color:#0c0000; font-size:140; text-align:2; font-family:Default;\" ><div class=\"grid-gallery-figcaption-wrap\" style=\"\"><\/div><\/FIGCAPTION><\/FIGURE> <div class=\"grid-gallery-clearfix\"><\/div> <\/div> <div class=\"gallery-sharing-bottom\" style=\"display:none;\"> <\/div> <div class=\"gallery-sharing-image\" style=\"display:none;\"> <\/div> <div class=\"gallery-sharing-popup\" style=\"display:none;\"> <\/div> <div class=\"grid-gallery-clearfix\"><\/div> <\/div> <!-- Gallery by Supsystic plugin1.16.0 --><a title=\"WordPress Image Gallery Plugin\" style=\"display:none;\" href=\"https:\/\/supsystic.com\/plugins\/photo-gallery\/?utm_medium=love_link\" target=\"_blank\">WordPress Image Gallery Plugin<\/a>\n","protected":false},"excerpt":{"rendered":"<p>\u017dupa Uznesenja BDM u Kre\u0161evu bila je doma\u0107in te\u010daja priprave za sakramentalni brak, koji je odr\u017ean u subotu, 28. velja\u010de 2026. Na susretu je sudjelovalo 70 zaru\u010dnika, ve\u0107inom iz \u017eupa Kre\u0161evskog dekanata. Za vrijeme te\u010daja odr\u017eana su \u010detiri izlaganja iz teolo\u0161ko-duhovnog, psiholo\u0161ko-pedago\u0161kog, medicinskog i crkveno-pravnog podru\u010dja. Predava\u010di su bili: dr. sc. vl\u010d. Ante Vrhovac (povjerenik za pastoral braka i obitelji Vrhbosanske nadbiskupije), Emanuela Buzuk (pedagoginja), dr. med. Ana Pecirep \u0160eremet (specijalistica ginekologije i opstetricije) i mr. sc. vl\u010d. Paulo Coelho (crkveni pravnik). Uz odr\u017eana izlaganja sudionici su imali priliku sudjelovati&#8230; <\/p>\n","protected":false},"author":1,"featured_media":4115,"comment_status":"closed","ping_status":"closed","sticky":false,"template":"","format":"standard","meta":{"footnotes":""},"categories":[5,46,51],"tags":[],"class_list":["post-4117","post","type-post","status-publish","format-standard","has-post-thumbnail","hentry","category-dogadanja","category-kresevski-dekanat","category-tecaj-priprave-za-brak"],"_links":{"self":[{"href":"https:\/\/obitelj-vn.org\/index.php?rest_route=\/wp\/v2\/posts\/4117","targetHints":{"allow":["GET"]}}],"collection":[{"href":"https:\/\/obitelj-vn.org\/index.php?rest_route=\/wp\/v2\/posts"}],"about":[{"href":"https:\/\/obitelj-vn.org\/index.php?rest_route=\/wp\/v2\/types\/post"}],"author":[{"embeddable":true,"href":"https:\/\/obitelj-vn.org\/index.php?rest_route=\/wp\/v2\/users\/1"}],"replies":[{"embeddable":true,"href":"https:\/\/obitelj-vn.org\/index.php?rest_route=%2Fwp%2Fv2%2Fcomments&post=4117"}],"version-history":[{"count":1,"href":"https:\/\/obitelj-vn.org\/index.php?rest_route=\/wp\/v2\/posts\/4117\/revisions"}],"predecessor-version":[{"id":4118,"href":"https:\/\/obitelj-vn.org\/index.php?rest_route=\/wp\/v2\/posts\/4117\/revisions\/4118"}],"wp:featuredmedia":[{"embeddable":true,"href":"https:\/\/obitelj-vn.org\/index.php?rest_route=\/wp\/v2\/media\/4115"}],"wp:attachment":[{"href":"https:\/\/obitelj-vn.org\/index.php?rest_route=%2Fwp%2Fv2%2Fmedia&parent=4117"}],"wp:term":[{"taxonomy":"category","embeddable":true,"href":"https:\/\/obitelj-vn.org\/index.php?rest_route=%2Fwp%2Fv2%2Fcategories&post=4117"},{"taxonomy":"post_tag","embeddable":true,"href":"https:\/\/obitelj-vn.org\/index.php?rest_route=%2Fwp%2Fv2%2Ftags&post=4117"}],"curies":[{"name":"wp","href":"https:\/\/api.w.org\/{rel}","templated":true}]}}