{"id":3909,"date":"2025-02-11T11:16:54","date_gmt":"2025-02-11T11:16:54","guid":{"rendered":"https:\/\/obitelj-vn.org\/?p=3909"},"modified":"2025-02-11T11:16:54","modified_gmt":"2025-02-11T11:16:54","slug":"poceo-novi-ciklus-tecajeva-priprave-za-sakramentalni-brak","status":"publish","type":"post","link":"https:\/\/obitelj-vn.org\/?p=3909","title":{"rendered":"PO\u010cEO NOVI CIKLUS TE\u010cAJEVA PRIPRAVE ZA SAKRAMENTALNI BRAK"},"content":{"rendered":"<p>U subotu 8. velja\u010de 2025. godine uprili\u010den je cjelodnevni te\u010daj priprave za sakramentalni brak u \u017eupi sv. Ivana Krstitelja u Jelahu.<\/p>\n<p>Te\u010daj je organizirao Ured za brak i obitelj Vrhbosanske nadbiskupije u suradnji sa \u017eupnikom <strong>vl\u010d. Antom Dominkovi\u0107em<\/strong>, koji se pobrinuo pripremiti ru\u010dak i osvje\u017eenje za sve zaru\u010dnike i predava\u010de.<strong>\u00a0<\/strong>Sudjelovalo je osam parova koji dolaze iz \u017eupa Usorskog dekanata.<\/p>\n<p>Sam susret zapo\u010deo je pozdravom i uvodnim rije\u010dima \u017eupnika doma\u0107ina, te molitvom i predstavljanjem programa te\u010daja koje je imao <strong>dr. sc. vl\u010d. Ante Vrhovac<\/strong>, povjerenik za pastoral braka i obitelji Vrhbosanske nadbiskupije.<\/p>\n<p>Potom su obra\u0111ene \u010detiri tematske jedinice iz teolo\u0161ko-duhovne, psiholo\u0161ko-pedago\u0161ke, medicinske te pravno-moralne perspektive. Predava\u010di su, uz vl\u010d. Vrhovca bili:\u00a0<strong>Emanuela Buzuk <\/strong>(pedagoginja), <strong>Ana Pecirep \u0160eremet (<\/strong>specijalist ginekologije i opstetricije)<strong> i dr. sc. vl\u010d. Ilija Markovi\u0107<\/strong> (crkveni pravnik).<\/p>\n<p>Na kraju te\u010daja vl\u010d. Dominkovi\u0107 izrazio je zahvalnost zaru\u010dnicima koji su se odazvali na ovaj program u nadi da \u0107e im biti pomo\u0107 za valjano i plodonosno slavlje sakramenta \u017eenidbe, te Uredu za brak i obitelj na spremnosti organizirati te\u010daj u Usorskom dekanatu. Potom je na sve prisutne zazvao Bo\u017eji blagoslov.<\/p>\n<p>Sprovedena je i anonimna anketa u kojoj su zaru\u010dnici imali priliku ocijeniti korisnost te\u010daja i obra\u0111enih tema te predlo\u017eiti druge teme koje bi se obra\u0111ivale na daljnjim seminarima za bra\u010dne parove.<\/p>\n<p>Ovim te\u010dajem zapo\u010deo je novi ciklus te\u010dajeva priprave za sakramentalni brak u Vrhbosanskoj nadbiksupiji koji \u0107e se odr\u017eavati svake subote kroz sljede\u0107a dva mjeseca. Naredni te\u010daj priprave za sakramentalni brak odr\u017eat \u0107e se 15. velja\u010de 2025. godine u \u017eupi sv. Juraja mu\u010denika u Vitezu (Travni\u010dki dekanat).<\/p>\n<div id=\"grid-gallery-108-13239\" data-gg-id=\"108\" data-title=\"POCEO NOVI CIKLUS TECAJEVA PRIPRAVE ZA SAKRAMENTALNI BRAK \" data-grid-type=\"2\" data-offset=\"5.3\" data-area-position=\"center\" data-icons=\"\" data-preloader=\"true\" data-width=\"auto\" data-height=\"215\" data-padding=\"0\" data-quicksand=\"disabled\" data-quicksand-duration=\"1800\" data-popup-theme=\"theme_6\" data-popup-type=\"pretty-photo\" data-popup-image-text=\"data-description\" data-popup-widthsize=\"auto\" data-popup-heightsize=\"auto\" data-popup-i18n-words=\"{&quot;close&quot;:&quot;close&quot;,&quot;next&quot;:&quot;next&quot;,&quot;previous&quot;:&quot;previous&quot;,&quot;start_slideshow&quot;:&quot;start slideshow&quot;,&quot;stop_slideshow&quot;:&quot;stop slideshow&quot;,&quot;image&quot;:&quot;image&quot;,&quot;of&quot;:&quot;of&quot;,&quot;prev&quot;:&quot;prev&quot;,&quot;cExpand&quot;:&quot;Expand&quot;,&quot;cPrevious&quot;:&quot;Previous&quot;,&quot;cNext&quot;:&quot;Next&quot;,&quot;cExpandStr&quot;:&quot;Expand the image&quot;,&quot;cRotate&quot;:&quot;Rotate&quot;,&quot;cDetails&quot;:&quot;Details&quot;}\" data-popup-slideshow=\"false\" data-popup-slideshow-speed=\"2500\" data-popup-hoverstop=\"true\" data-popup-slideshow-auto=\"false\" data-popup-background=\"\" data-popup-transparency=\"30\" data-popup-disable-history=\"\" data-popup-disable-changed-url=\"\" data-popup-border-type=\"\" data-popup-border-color=\"\" data-popup-border-width=\"\" data-popup-border-enable=\"\" data-fullscreen=\"false\" data-hide-tooltip=\"false\" data-caption-font-family=\"Default\" data-caption-text-size=\"140\" data-is-mobile=\"0\" data-caption-mobile=\"false\" data-hide-long-tltp-title=\"0\" data-caption-disabled-on-mobile=\"false\" data-popup-placement-type=\"0\" data-social-sharing=\"{&quot;enabled&quot;:&quot;&quot;,&quot;gallerySharing&quot;:{&quot;enabled&quot;:null,&quot;position&quot;:null},&quot;imageSharing&quot;:{&quot;enabled&quot;:null,&quot;wrapperClass&quot;:&quot; vertical &quot;},&quot;popupSharing&quot;:{&quot;enabled&quot;:null,&quot;wrapperClass&quot;:&quot; vertical &quot;}}\" class=\"grid-gallery grid-gallery-fixed \" style=\" width:100%; height:auto; margin-left:auto; margin-right:auto;position:relative;\"> <div class=\"gallery-loading\"> <div class=\"blocks\"> <div class=\"block\"><\/div> <div class=\"block\"><\/div> <div class=\"block\"><\/div> <div class=\"block\"><\/div> <\/div> <\/div> <div class=\"gallery-sharing-top\" style=\"display:none;\"> <\/div> <div id=\"photos-108\" class=\"grid-gallery-photos\"><FIGURE class=\"grid-gallery-caption\" data-grid-gallery-type=\"quarter-two-step\" data-index=\"0\" style=\"display:none;border-radius:200;; margin:2.65px; height:2150; width:auto;\" ><div class=\"crop\" style=\"\"><img decoding=\"async\" src=\"https:\/\/obitelj-vn.org\/wp-content\/uploads\/2025\/02\/9f748554-f19c-4d15-81ce-4e2d775b07d8-287x215.jpeg\" class=\"ggImg ggNotInitImg\" alt=\"9f748554-f19c-4d15-81ce-4e2d775b07d8\" title=\"9f748554-f19c-4d15-81ce-4e2d775b07d8\" data-description=\"9f748554-f19c-4d15-81ce-4e2d775b07d8\" data-caption=\"9f748554-f19c-4d15-81ce-4e2d775b07d8\" data-title=\"9f748554-f19c-4d15-81ce-4e2d775b07d8\" style=\" height:215px; width:auto;\" \/><\/div><FIGCAPTION class=\"\" data-alpha=\"5\" style=\"color:#ffffff; background-color:#0c0000; font-size:140; text-align:2; font-family:Default;\" ><div class=\"grid-gallery-figcaption-wrap\" style=\"\"><\/div><\/FIGCAPTION><\/FIGURE><FIGURE class=\"grid-gallery-caption\" data-grid-gallery-type=\"quarter-two-step\" data-index=\"1\" style=\"display:none;border-radius:200;; margin:2.65px; height:2150; width:auto;\" ><div class=\"crop\" style=\"\"><img decoding=\"async\" src=\"https:\/\/obitelj-vn.org\/wp-content\/uploads\/2025\/02\/1298343e-3152-4310-82c2-401d31bd1c24-287x215.jpeg\" class=\"ggImg ggNotInitImg\" alt=\"1298343e-3152-4310-82c2-401d31bd1c24\" title=\"1298343e-3152-4310-82c2-401d31bd1c24\" data-description=\"1298343e-3152-4310-82c2-401d31bd1c24\" data-caption=\"1298343e-3152-4310-82c2-401d31bd1c24\" data-title=\"1298343e-3152-4310-82c2-401d31bd1c24\" style=\" height:215px; width:auto;\" \/><\/div><FIGCAPTION class=\"\" data-alpha=\"5\" style=\"color:#ffffff; background-color:#0c0000; font-size:140; text-align:2; font-family:Default;\" ><div class=\"grid-gallery-figcaption-wrap\" style=\"\"><\/div><\/FIGCAPTION><\/FIGURE><FIGURE class=\"grid-gallery-caption\" data-grid-gallery-type=\"quarter-two-step\" data-index=\"2\" style=\"display:none;border-radius:200;; margin:2.65px; height:2150; width:auto;\" ><div class=\"crop\" style=\"\"><img decoding=\"async\" src=\"https:\/\/obitelj-vn.org\/wp-content\/uploads\/2025\/02\/IMG_6367-rotated-161x215.jpeg\" class=\"ggImg ggNotInitImg\" alt=\"IMG_6367\" title=\"IMG_6367\" data-description=\"IMG_6367\" data-caption=\"IMG_6367\" data-title=\"IMG_6367\" style=\" height:215px; width:auto;\" \/><\/div><FIGCAPTION class=\"\" data-alpha=\"5\" style=\"color:#ffffff; background-color:#0c0000; font-size:140; text-align:2; font-family:Default;\" ><div class=\"grid-gallery-figcaption-wrap\" style=\"\"><\/div><\/FIGCAPTION><\/FIGURE><FIGURE class=\"grid-gallery-caption\" data-grid-gallery-type=\"quarter-two-step\" data-index=\"3\" style=\"display:none;border-radius:200;; margin:2.65px; height:2150; width:auto;\" ><div class=\"crop\" style=\"\"><img decoding=\"async\" src=\"https:\/\/obitelj-vn.org\/wp-content\/uploads\/2025\/02\/IMG_6369-rotated-161x215.jpeg\" class=\"ggImg ggNotInitImg\" alt=\"IMG_6369\" title=\"IMG_6369\" data-description=\"IMG_6369\" data-caption=\"IMG_6369\" data-title=\"IMG_6369\" style=\" height:215px; width:auto;\" \/><\/div><FIGCAPTION class=\"\" data-alpha=\"5\" style=\"color:#ffffff; background-color:#0c0000; font-size:140; text-align:2; font-family:Default;\" ><div class=\"grid-gallery-figcaption-wrap\" style=\"\"><\/div><\/FIGCAPTION><\/FIGURE><FIGURE class=\"grid-gallery-caption\" data-grid-gallery-type=\"quarter-two-step\" data-index=\"4\" style=\"display:none;border-radius:200;; margin:2.65px; height:2150; width:auto;\" ><div class=\"crop\" style=\"\"><img decoding=\"async\" src=\"https:\/\/obitelj-vn.org\/wp-content\/uploads\/2025\/02\/IMG_6370-287x215.jpeg\" class=\"ggImg ggNotInitImg\" alt=\"IMG_6370\" title=\"IMG_6370\" data-description=\"IMG_6370\" data-caption=\"IMG_6370\" data-title=\"IMG_6370\" style=\" height:215px; width:auto;\" \/><\/div><FIGCAPTION class=\"\" data-alpha=\"5\" style=\"color:#ffffff; background-color:#0c0000; font-size:140; text-align:2; font-family:Default;\" ><div class=\"grid-gallery-figcaption-wrap\" style=\"\"><\/div><\/FIGCAPTION><\/FIGURE><FIGURE class=\"grid-gallery-caption\" data-grid-gallery-type=\"quarter-two-step\" data-index=\"5\" style=\"display:none;border-radius:200;; margin:2.65px; height:2150; width:auto;\" ><div class=\"crop\" style=\"\"><img decoding=\"async\" src=\"https:\/\/obitelj-vn.org\/wp-content\/uploads\/2025\/02\/IMG_6371-rotated-161x215.jpeg\" class=\"ggImg ggNotInitImg\" alt=\"IMG_6371\" title=\"IMG_6371\" data-description=\"IMG_6371\" data-caption=\"IMG_6371\" data-title=\"IMG_6371\" style=\" height:215px; width:auto;\" \/><\/div><FIGCAPTION class=\"\" data-alpha=\"5\" style=\"color:#ffffff; background-color:#0c0000; font-size:140; text-align:2; font-family:Default;\" ><div class=\"grid-gallery-figcaption-wrap\" style=\"\"><\/div><\/FIGCAPTION><\/FIGURE><FIGURE class=\"grid-gallery-caption\" data-grid-gallery-type=\"quarter-two-step\" data-index=\"6\" style=\"display:none;border-radius:200;; margin:2.65px; height:2150; width:auto;\" ><div class=\"crop\" style=\"\"><img decoding=\"async\" src=\"https:\/\/obitelj-vn.org\/wp-content\/uploads\/2025\/02\/IMG_6373-rotated-161x215.jpeg\" class=\"ggImg ggNotInitImg\" alt=\"IMG_6373\" title=\"IMG_6373\" data-description=\"IMG_6373\" data-caption=\"IMG_6373\" data-title=\"IMG_6373\" style=\" height:215px; width:auto;\" \/><\/div><FIGCAPTION class=\"\" data-alpha=\"5\" style=\"color:#ffffff; background-color:#0c0000; font-size:140; text-align:2; font-family:Default;\" ><div class=\"grid-gallery-figcaption-wrap\" style=\"\"><\/div><\/FIGCAPTION><\/FIGURE><FIGURE class=\"grid-gallery-caption\" data-grid-gallery-type=\"quarter-two-step\" data-index=\"7\" style=\"display:none;border-radius:200;; margin:2.65px; height:2150; width:auto;\" ><div class=\"crop\" style=\"\"><img decoding=\"async\" src=\"https:\/\/obitelj-vn.org\/wp-content\/uploads\/2025\/02\/IMG_6389-287x215.jpeg\" class=\"ggImg ggNotInitImg\" alt=\"IMG_6389\" title=\"IMG_6389\" data-description=\"IMG_6389\" data-caption=\"IMG_6389\" data-title=\"IMG_6389\" style=\" height:215px; width:auto;\" \/><\/div><FIGCAPTION class=\"\" data-alpha=\"5\" style=\"color:#ffffff; background-color:#0c0000; font-size:140; text-align:2; font-family:Default;\" ><div class=\"grid-gallery-figcaption-wrap\" style=\"\"><\/div><\/FIGCAPTION><\/FIGURE> <div class=\"grid-gallery-clearfix\"><\/div> <\/div> <div class=\"gallery-sharing-bottom\" style=\"display:none;\"> <\/div> <div class=\"gallery-sharing-image\" style=\"display:none;\"> <\/div> <div class=\"gallery-sharing-popup\" style=\"display:none;\"> <\/div> <div class=\"grid-gallery-clearfix\"><\/div> <\/div> <!-- Gallery by Supsystic plugin1.16.0 --><a title=\"WordPress Image Gallery Plugin\" style=\"display:none;\" href=\"https:\/\/supsystic.com\/plugins\/photo-gallery\/?utm_medium=love_link\" target=\"_blank\">WordPress Image Gallery Plugin<\/a>\n","protected":false},"excerpt":{"rendered":"<p>U subotu 8. velja\u010de 2025. godine uprili\u010den je cjelodnevni te\u010daj priprave za sakramentalni brak u \u017eupi sv. Ivana Krstitelja u Jelahu. Te\u010daj je organizirao Ured za brak i obitelj Vrhbosanske nadbiskupije u suradnji sa \u017eupnikom vl\u010d. Antom Dominkovi\u0107em, koji se pobrinuo pripremiti ru\u010dak i osvje\u017eenje za sve zaru\u010dnike i predava\u010de.\u00a0Sudjelovalo je osam parova koji dolaze iz \u017eupa Usorskog dekanata. Sam susret zapo\u010deo je pozdravom i uvodnim rije\u010dima \u017eupnika doma\u0107ina, te molitvom i predstavljanjem programa te\u010daja koje je imao dr. sc. vl\u010d. Ante Vrhovac, povjerenik za pastoral braka i obitelji Vrhbosanske&#8230; <\/p>\n","protected":false},"author":1,"featured_media":3901,"comment_status":"closed","ping_status":"closed","sticky":false,"template":"","format":"standard","meta":{"footnotes":""},"categories":[5,51,44],"tags":[],"class_list":["post-3909","post","type-post","status-publish","format-standard","has-post-thumbnail","hentry","category-dogadanja","category-tecaj-priprave-za-brak","category-usorski-dekanat"],"_links":{"self":[{"href":"https:\/\/obitelj-vn.org\/index.php?rest_route=\/wp\/v2\/posts\/3909","targetHints":{"allow":["GET"]}}],"collection":[{"href":"https:\/\/obitelj-vn.org\/index.php?rest_route=\/wp\/v2\/posts"}],"about":[{"href":"https:\/\/obitelj-vn.org\/index.php?rest_route=\/wp\/v2\/types\/post"}],"author":[{"embeddable":true,"href":"https:\/\/obitelj-vn.org\/index.php?rest_route=\/wp\/v2\/users\/1"}],"replies":[{"embeddable":true,"href":"https:\/\/obitelj-vn.org\/index.php?rest_route=%2Fwp%2Fv2%2Fcomments&post=3909"}],"version-history":[{"count":2,"href":"https:\/\/obitelj-vn.org\/index.php?rest_route=\/wp\/v2\/posts\/3909\/revisions"}],"predecessor-version":[{"id":3911,"href":"https:\/\/obitelj-vn.org\/index.php?rest_route=\/wp\/v2\/posts\/3909\/revisions\/3911"}],"wp:featuredmedia":[{"embeddable":true,"href":"https:\/\/obitelj-vn.org\/index.php?rest_route=\/wp\/v2\/media\/3901"}],"wp:attachment":[{"href":"https:\/\/obitelj-vn.org\/index.php?rest_route=%2Fwp%2Fv2%2Fmedia&parent=3909"}],"wp:term":[{"taxonomy":"category","embeddable":true,"href":"https:\/\/obitelj-vn.org\/index.php?rest_route=%2Fwp%2Fv2%2Fcategories&post=3909"},{"taxonomy":"post_tag","embeddable":true,"href":"https:\/\/obitelj-vn.org\/index.php?rest_route=%2Fwp%2Fv2%2Ftags&post=3909"}],"curies":[{"name":"wp","href":"https:\/\/api.w.org\/{rel}","templated":true}]}}