{"id":3897,"date":"2025-01-22T19:56:29","date_gmt":"2025-01-22T19:56:29","guid":{"rendered":"https:\/\/obitelj-vn.org\/?p=3897"},"modified":"2025-01-22T19:59:31","modified_gmt":"2025-01-22T19:59:31","slug":"susret-suradnika-ureda-za-brak-i-obitelj","status":"publish","type":"post","link":"https:\/\/obitelj-vn.org\/?p=3897","title":{"rendered":"Susret suradnika Ureda za brak i obitelj"},"content":{"rendered":"<p>U subotu, 18. sije\u010dnja 2025., u prostorijama Vrhbosanskog bogoslovnog sjemeni\u0161ta odr\u017ean je susret suradnika Ureda za brak i obitelj Vrhbosanske nadbiskupije, koji sudjeluju kao predava\u010di u programu te\u010daja priprave za brak. Susretom je moderirao vl\u010d. Ante Vrhovac, povjerenik za pastoral braka i obitelji Vrhbosanske nadbiskupije. Nakon osvrta na protekli ciklus te\u010dajeva, razgovaralo se o na\u010dinima pobolj\u0161anja kvalitete organizacije i sadr\u017eaja novog ciklusa te\u010dajeva koji po\u010dinju u velja\u010di ove godine. Glavni naglasci stavljeni su na potrebi motiviranja zaru\u010dnika, njihovom aktivnom sudjelovanju, pote\u0161ko\u0107i uzrokovanoj heterogenosti osoba koje poha\u0111aju te\u010dajeve, te potrebi navije\u0161tanja evan\u0111elja braka i obitelji kao nade za sve zaru\u010dnike.<\/p>\n<p>Nakon radnog dijela susreta dr. sc. vl\u010d. Hrvoje Kalem odr\u017eao je duhovni nagovor na temu kr\u0161\u0107anske nade, u kojem je istaknuo razliku izme\u0111u optimizma (koji svoja o\u010dekivanja stavlja u \u010dovjekove ruke) i nade (koja svoja o\u010dekivanja temelji na Bo\u017ejim obe\u0107anjima), te spomenuo i temeljna mjesta u\u010denja i vje\u017ebanja kr\u0161\u0107anske nade: molitvu, te rad i trpljenje.<\/p>\n<p>Ovaj susret bio je prilika ne samo za nastojanje oko pobolj\u0161anja kvalitete te\u010dajeva priprave za brak, nego i trenutak formacije samih suradnika Ureda za brak i obitelj, kroz posvje\u0161\u0107ivanje pripadnosti Crkvi koja trenutno slavi svetu godinu posve\u0107enu temi nade, te kroz poticaj na osobni rast u kr\u0161\u0107anskoj nadi koja treba biti vidljiva i kroz sami te\u010daj priprave za brak.<\/p>\n<p>&nbsp;<\/p>\n","protected":false},"excerpt":{"rendered":"<p>U subotu, 18. sije\u010dnja 2025., u prostorijama Vrhbosanskog bogoslovnog sjemeni\u0161ta odr\u017ean je susret suradnika Ureda za brak i obitelj Vrhbosanske nadbiskupije, koji sudjeluju kao predava\u010di u programu te\u010daja priprave za brak. Susretom je moderirao vl\u010d. Ante Vrhovac, povjerenik za pastoral braka i obitelji Vrhbosanske nadbiskupije. Nakon osvrta na protekli ciklus te\u010dajeva, razgovaralo se o na\u010dinima pobolj\u0161anja kvalitete organizacije i sadr\u017eaja novog ciklusa te\u010dajeva koji po\u010dinju u velja\u010di ove godine. Glavni naglasci stavljeni su na potrebi motiviranja zaru\u010dnika, njihovom aktivnom sudjelovanju, pote\u0161ko\u0107i uzrokovanoj heterogenosti osoba koje poha\u0111aju te\u010dajeve, te potrebi navije\u0161tanja&#8230; <\/p>\n","protected":false},"author":1,"featured_media":3898,"comment_status":"closed","ping_status":"closed","sticky":false,"template":"","format":"standard","meta":{"footnotes":""},"categories":[5],"tags":[],"class_list":["post-3897","post","type-post","status-publish","format-standard","has-post-thumbnail","hentry","category-dogadanja"],"_links":{"self":[{"href":"https:\/\/obitelj-vn.org\/index.php?rest_route=\/wp\/v2\/posts\/3897","targetHints":{"allow":["GET"]}}],"collection":[{"href":"https:\/\/obitelj-vn.org\/index.php?rest_route=\/wp\/v2\/posts"}],"about":[{"href":"https:\/\/obitelj-vn.org\/index.php?rest_route=\/wp\/v2\/types\/post"}],"author":[{"embeddable":true,"href":"https:\/\/obitelj-vn.org\/index.php?rest_route=\/wp\/v2\/users\/1"}],"replies":[{"embeddable":true,"href":"https:\/\/obitelj-vn.org\/index.php?rest_route=%2Fwp%2Fv2%2Fcomments&post=3897"}],"version-history":[{"count":2,"href":"https:\/\/obitelj-vn.org\/index.php?rest_route=\/wp\/v2\/posts\/3897\/revisions"}],"predecessor-version":[{"id":3900,"href":"https:\/\/obitelj-vn.org\/index.php?rest_route=\/wp\/v2\/posts\/3897\/revisions\/3900"}],"wp:featuredmedia":[{"embeddable":true,"href":"https:\/\/obitelj-vn.org\/index.php?rest_route=\/wp\/v2\/media\/3898"}],"wp:attachment":[{"href":"https:\/\/obitelj-vn.org\/index.php?rest_route=%2Fwp%2Fv2%2Fmedia&parent=3897"}],"wp:term":[{"taxonomy":"category","embeddable":true,"href":"https:\/\/obitelj-vn.org\/index.php?rest_route=%2Fwp%2Fv2%2Fcategories&post=3897"},{"taxonomy":"post_tag","embeddable":true,"href":"https:\/\/obitelj-vn.org\/index.php?rest_route=%2Fwp%2Fv2%2Ftags&post=3897"}],"curies":[{"name":"wp","href":"https:\/\/api.w.org\/{rel}","templated":true}]}}