{"id":3844,"date":"2024-09-15T15:57:02","date_gmt":"2024-09-15T15:57:02","guid":{"rendered":"https:\/\/obitelj-vn.org\/?p=3844"},"modified":"2024-09-15T16:00:21","modified_gmt":"2024-09-15T16:00:21","slug":"prva-medunarodna-konferencija-u-sistemu-socijalne-zastite-izazovi-u-radu-sa-porodicama-dana","status":"publish","type":"post","link":"https:\/\/obitelj-vn.org\/?p=3844","title":{"rendered":"Prva me\u0111unarodna konferencija u sistemu socijalne za\u0161tite \u201eIzazovi u radu sa porodicama dana\u201c"},"content":{"rendered":"<p><img loading=\"lazy\" decoding=\"async\" class=\"alignleft wp-image-3845\" src=\"https:\/\/obitelj-vn.org\/wp-content\/uploads\/2024\/09\/IMG_5264-Gros-rotated.jpg\" alt=\"\" width=\"400\" height=\"533\" srcset=\"https:\/\/obitelj-vn.org\/wp-content\/uploads\/2024\/09\/IMG_5264-Gros-rotated.jpg 1080w, https:\/\/obitelj-vn.org\/wp-content\/uploads\/2024\/09\/IMG_5264-Gros-225x300.jpg 225w, https:\/\/obitelj-vn.org\/wp-content\/uploads\/2024\/09\/IMG_5264-Gros-768x1024.jpg 768w\" sizes=\"auto, (max-width: 400px) 100vw, 400px\" \/>U organizaciji Kantonalne javne ustanove \u201ePorodi\u010dno savjetovali\u0161te\u201c Sarajevo 12. i 13. rujna 2024. odr\u017eava se u prostorijama hotela Hollywood na Ilid\u017ei Prva me\u0111unarodna konferencija u sistemu socijalne za\u0161tite \u201eIzazovi u radu sa porodicama danas\u201c. Kroz plenarna predavanja, okrugle stolove i panel diskusije stru\u010dnjaci i prakti\u010dari iz Bosne i Hercegovine, te zemalja regiona (Austrija, Slovenija, Hrvatska, Srbija, Crna Gora i Sjeverna Makedonija) razmjenjivat \u0107e znanja i iskustva s ciljem ja\u010danja podr\u0161ke obiteljima od strane raznih komponenti dru\u0161tva. Doprinos spomenutoj konferenciji, unutar panela \u201eUloga nevladinih organizacija u ja\u010danju porodice i profesionalaca u sistemu socijalne za\u0161tite\u201c, dat \u0107e i Ured za brak i obitelj Vrhbosanske nadbiskupije, \u010dije \u0107e djelovanje i osobitosti brige Crkve za obitelji predstaviti drugog dana konferencije don Ante Vrhovac, povjerenik za pastoral braka i obitelji.<\/p>\n","protected":false},"excerpt":{"rendered":"<p>U organizaciji Kantonalne javne ustanove \u201ePorodi\u010dno savjetovali\u0161te\u201c Sarajevo 12. i 13. rujna 2024. odr\u017eava se u prostorijama hotela Hollywood na Ilid\u017ei Prva me\u0111unarodna konferencija u sistemu socijalne za\u0161tite \u201eIzazovi u radu sa porodicama danas\u201c. Kroz plenarna predavanja, okrugle stolove i panel diskusije stru\u010dnjaci i prakti\u010dari iz Bosne i Hercegovine, te zemalja regiona (Austrija, Slovenija, Hrvatska, Srbija, Crna Gora i Sjeverna Makedonija) razmjenjivat \u0107e znanja i iskustva s ciljem ja\u010danja podr\u0161ke obiteljima od strane raznih komponenti dru\u0161tva. Doprinos spomenutoj konferenciji, unutar panela \u201eUloga nevladinih organizacija u ja\u010danju porodice i profesionalaca u&#8230; <\/p>\n","protected":false},"author":1,"featured_media":3847,"comment_status":"closed","ping_status":"closed","sticky":false,"template":"","format":"standard","meta":{"footnotes":""},"categories":[5,79],"tags":[],"class_list":["post-3844","post","type-post","status-publish","format-standard","has-post-thumbnail","hentry","category-dogadanja","category-obitelj"],"_links":{"self":[{"href":"https:\/\/obitelj-vn.org\/index.php?rest_route=\/wp\/v2\/posts\/3844","targetHints":{"allow":["GET"]}}],"collection":[{"href":"https:\/\/obitelj-vn.org\/index.php?rest_route=\/wp\/v2\/posts"}],"about":[{"href":"https:\/\/obitelj-vn.org\/index.php?rest_route=\/wp\/v2\/types\/post"}],"author":[{"embeddable":true,"href":"https:\/\/obitelj-vn.org\/index.php?rest_route=\/wp\/v2\/users\/1"}],"replies":[{"embeddable":true,"href":"https:\/\/obitelj-vn.org\/index.php?rest_route=%2Fwp%2Fv2%2Fcomments&post=3844"}],"version-history":[{"count":1,"href":"https:\/\/obitelj-vn.org\/index.php?rest_route=\/wp\/v2\/posts\/3844\/revisions"}],"predecessor-version":[{"id":3846,"href":"https:\/\/obitelj-vn.org\/index.php?rest_route=\/wp\/v2\/posts\/3844\/revisions\/3846"}],"wp:featuredmedia":[{"embeddable":true,"href":"https:\/\/obitelj-vn.org\/index.php?rest_route=\/wp\/v2\/media\/3847"}],"wp:attachment":[{"href":"https:\/\/obitelj-vn.org\/index.php?rest_route=%2Fwp%2Fv2%2Fmedia&parent=3844"}],"wp:term":[{"taxonomy":"category","embeddable":true,"href":"https:\/\/obitelj-vn.org\/index.php?rest_route=%2Fwp%2Fv2%2Fcategories&post=3844"},{"taxonomy":"post_tag","embeddable":true,"href":"https:\/\/obitelj-vn.org\/index.php?rest_route=%2Fwp%2Fv2%2Ftags&post=3844"}],"curies":[{"name":"wp","href":"https:\/\/api.w.org\/{rel}","templated":true}]}}