{"id":3814,"date":"2024-05-15T11:53:10","date_gmt":"2024-05-15T11:53:10","guid":{"rendered":"https:\/\/obitelj-vn.org\/?p=3814"},"modified":"2024-05-15T11:53:10","modified_gmt":"2024-05-15T11:53:10","slug":"predstavnici-udruge-porodice-3-kod-nabiskupa-vuksica","status":"publish","type":"post","link":"https:\/\/obitelj-vn.org\/?p=3814","title":{"rendered":"Predstavnici Udruge \u201cPorodice 3+\u201d kod nabiskupa Vuk\u0161i\u0107a"},"content":{"rendered":"<p>Nadbiskup vrhbosanski mons. Tomo Vuk\u0161i\u0107 ugostio je 14. svibnja, uo\u010di Me\u0111unarodnog dana obitelji, predsjednika Udruge gra\u0111ana \u201ePorodice 3+\u201c Mustafu Vlahovljaka. Sastanku u Nadbiskupskoj rezidenciji u Sarajevu nazo\u010dili su jo\u0161 i povjerenik za pastoral braka i obitelji Vrhbosanske nadbiskupije vl\u010d. Ante Vrhovac te \u017eupljanin katedralne \u017eupe Presvetog Srca Isusova i \u010dlan Udruge \u201ePorodice 3+\u201c iz Sarajeva Danijel Stani\u0107.<\/p>\n<p>Cilj radnoga sastanka bilo je predstaviti strukturu i upoznati Nadbiskupa s aktivnostima ove udruge gra\u0111ana, koja je prije tri godine osnovana u Sarajevu. Mons. Tomo u razgovoru je vi\u0161e puta izrazio podr\u0161ku Udruzi zbog pronatalitetnih mjera koje su posredovanjem Udruge ve\u0107 donesene, a i one \u010dija je realizacija u planu. Aktivnosti predsjednika i \u010dlanova udru\u017eenja naime ve\u0107 nadilaze lokalnu razinu te je osim u Sarajevu do danas ostvarena sustavna podr\u0161ka obiteljima s troje i vi\u0161e djece i u drugim kantonima u BiH. \u201eSvjedoci smo da nedostaje sustavna pronatalitetna politika, a i postoje\u0107i poticaji majkama rodiljama nisu ujedna\u010deni na svim razinama i u svim krajevima BiH. Nadamo se da \u0107e vlasti \u0161to prije donijeti mjere kojima \u0107e to uskoro biti izmijenjeno\u201c, izjavio je ovom prilikom Vlahovljak.<\/p>\n<p>Udru\u017eenju \u201ePorodice 3+\u201c u kontekstu rje\u0161avanja demografskih pitanja i pronatalitetne politike danas je pru\u017eena konkretna podr\u0161ka ove krajevne Crkve u Bosni i Hercegovini. Tako bi se u budu\u0107nosti odre\u0111ene aktivnosti mogle realizirati i u suradnji s nadbiskupijskim Uredom za brak i obitelj.<\/p>\n<p>Podsje\u0107amo, ovaj je susret uprili\u010den uo\u010di Me\u0111unarodnog dana obitelji (15. svibnja). Osim toga, susret je organiziran tek nekoliko dana nakon audijencije bh. biskupa kod pape Franje u Rimu. Tada je poglavar Katoli\u010dke Crkve s biskupima, na \u010delu s mons. Vuk\u0161i\u0107em, razgovarao i o prosje\u010dnoj starosti vjernika katolika te drugih gra\u0111ana Bosne i Hercegovine te odlasku mladih iz njihove domovine.<\/p>\n","protected":false},"excerpt":{"rendered":"<p>Nadbiskup vrhbosanski mons. Tomo Vuk\u0161i\u0107 ugostio je 14. svibnja, uo\u010di Me\u0111unarodnog dana obitelji, predsjednika Udruge gra\u0111ana \u201ePorodice 3+\u201c Mustafu Vlahovljaka. Sastanku u Nadbiskupskoj rezidenciji u Sarajevu nazo\u010dili su jo\u0161 i povjerenik za pastoral braka i obitelji Vrhbosanske nadbiskupije vl\u010d. Ante Vrhovac te \u017eupljanin katedralne \u017eupe Presvetog Srca Isusova i \u010dlan Udruge \u201ePorodice 3+\u201c iz Sarajeva Danijel Stani\u0107. Cilj radnoga sastanka bilo je predstaviti strukturu i upoznati Nadbiskupa s aktivnostima ove udruge gra\u0111ana, koja je prije tri godine osnovana u Sarajevu. Mons. Tomo u razgovoru je vi\u0161e puta izrazio podr\u0161ku Udruzi&#8230; <\/p>\n","protected":false},"author":1,"featured_media":3815,"comment_status":"closed","ping_status":"closed","sticky":false,"template":"","format":"standard","meta":{"footnotes":""},"categories":[5,79],"tags":[],"class_list":["post-3814","post","type-post","status-publish","format-standard","has-post-thumbnail","hentry","category-dogadanja","category-obitelj"],"_links":{"self":[{"href":"https:\/\/obitelj-vn.org\/index.php?rest_route=\/wp\/v2\/posts\/3814","targetHints":{"allow":["GET"]}}],"collection":[{"href":"https:\/\/obitelj-vn.org\/index.php?rest_route=\/wp\/v2\/posts"}],"about":[{"href":"https:\/\/obitelj-vn.org\/index.php?rest_route=\/wp\/v2\/types\/post"}],"author":[{"embeddable":true,"href":"https:\/\/obitelj-vn.org\/index.php?rest_route=\/wp\/v2\/users\/1"}],"replies":[{"embeddable":true,"href":"https:\/\/obitelj-vn.org\/index.php?rest_route=%2Fwp%2Fv2%2Fcomments&post=3814"}],"version-history":[{"count":1,"href":"https:\/\/obitelj-vn.org\/index.php?rest_route=\/wp\/v2\/posts\/3814\/revisions"}],"predecessor-version":[{"id":3816,"href":"https:\/\/obitelj-vn.org\/index.php?rest_route=\/wp\/v2\/posts\/3814\/revisions\/3816"}],"wp:featuredmedia":[{"embeddable":true,"href":"https:\/\/obitelj-vn.org\/index.php?rest_route=\/wp\/v2\/media\/3815"}],"wp:attachment":[{"href":"https:\/\/obitelj-vn.org\/index.php?rest_route=%2Fwp%2Fv2%2Fmedia&parent=3814"}],"wp:term":[{"taxonomy":"category","embeddable":true,"href":"https:\/\/obitelj-vn.org\/index.php?rest_route=%2Fwp%2Fv2%2Fcategories&post=3814"},{"taxonomy":"post_tag","embeddable":true,"href":"https:\/\/obitelj-vn.org\/index.php?rest_route=%2Fwp%2Fv2%2Ftags&post=3814"}],"curies":[{"name":"wp","href":"https:\/\/api.w.org\/{rel}","templated":true}]}}