{"id":3697,"date":"2024-03-14T10:12:24","date_gmt":"2024-03-14T10:12:24","guid":{"rendered":"https:\/\/obitelj-vn.org\/?p=3697"},"modified":"2024-03-14T10:12:24","modified_gmt":"2024-03-14T10:12:24","slug":"proljetna-korona-svecenika-ramskog-dekanata","status":"publish","type":"post","link":"https:\/\/obitelj-vn.org\/?p=3697","title":{"rendered":"Proljetna korona sve\u0107enika Ramskog dekanata"},"content":{"rendered":"<p><img loading=\"lazy\" decoding=\"async\" class=\"alignleft wp-image-3698 size-medium\" src=\"https:\/\/obitelj-vn.org\/wp-content\/uploads\/2024\/03\/IMG_3701-300x225.jpeg\" alt=\"\" width=\"300\" height=\"225\" srcset=\"https:\/\/obitelj-vn.org\/wp-content\/uploads\/2024\/03\/IMG_3701-300x225.jpeg 300w, https:\/\/obitelj-vn.org\/wp-content\/uploads\/2024\/03\/IMG_3701.jpeg 640w\" sizes=\"auto, (max-width: 300px) 100vw, 300px\" \/> U srijedu, 13. o\u017eujka 2024., odr\u017eana je redovita proljetna korona Ramskog dekanata, na kojoj su sudjelovala jedanaestorica sve\u0107enika spomenutog dekanata. Doma\u0107in susreta bila je \u017eupa sv. Franje Asi\u0161kog u Rumbocima, na \u010delu sa svojim \u017eupnikom fra Ilijom Juri\u0107em. Nakon uvodne molitve i pozdrava pre\u010d. Marka Tomi\u0107a, ramskog dekana, uslijedilo je predavanje pod nazivom <em>Neizostavnost braka i obitelji za \u017eivot i poslanje Crkve<\/em>, kojeg je odr\u017eao don Ante Vrhovac, nadbiskupijski povjerenik za pastoral braka i obitelji.<\/p>\n<p>U spomenutom predavanju istaknuta je temeljna motivacija Crkve za brigu oko braka i obitelji, koja je teolo\u0161ke naravi. Brak je, naime, za kr\u0161\u0107ane sakrament, \u0161to zna\u010di da Crkva ne mo\u017ee a da se ne brine o toj stvarnosti, ukoliko Crkve nema bez sakramenata, a time je nema ni bez sakramenta braka. Iz ove teolo\u0161ke neizostavnosti braka i obitelji ra\u0111aju se i temeljne postavke pastorala braka i obitelji. Upozoriv\u0161i prije svega na neke nezdrave oblike pastorala (pragmatizam brojeva, funkcionalizam, princip problem-rje\u0161enje problema, privilegiranje kriterija hitnosti nau\u0161trb kriterija bitnosti), predava\u010d je istaknuo kako je temelj pastorala spomenutih stvarnosti \u010dovjekov temeljni poziv na ljubav, koji se otkriva u osobnom susretu s Bogom, koji \u010dovjeka poziva na obra\u0107enje i obe\u0107ava mu puninu \u017eivota. Zbog toga pastoral braka i obitelji treba ra\u010dunati s Duhom Svetim kao glavnim protagonistom. Tre\u0107i dio predavanja bio je posve\u0107en kriti\u010dkoj analizi dosada\u0161njeg djelovanja Ureda za brak i obitelji Vrhbosanske nadbiskupije, te planiranju budu\u0107ih djelatnosti Ureda. Neki od naglasaka bili su: potreba formiranja obitelji koje \u0107e postati s vremenom nositelji bra\u010dnog i obiteljskog pastorala, realizacija zaklju\u010daka I. sinode Vrhbosanske nadbiskupije, pra\u0107enje smjernica op\u0107e Crkve, pro\u0161irenje djelovanja Ureda na pastoral svih \u017eivotnih stale\u017ea, povezivanje pastorala braka i obitelji s pastoralom mladih.<\/p>\n<p><img loading=\"lazy\" decoding=\"async\" class=\"size-full wp-image-3699 alignleft\" src=\"https:\/\/obitelj-vn.org\/wp-content\/uploads\/2024\/03\/IMG_3705.jpeg\" alt=\"\" width=\"640\" height=\"480\" srcset=\"https:\/\/obitelj-vn.org\/wp-content\/uploads\/2024\/03\/IMG_3705.jpeg 640w, https:\/\/obitelj-vn.org\/wp-content\/uploads\/2024\/03\/IMG_3705-300x225.jpeg 300w\" sizes=\"auto, (max-width: 640px) 100vw, 640px\" \/>Nakon predavanja bilo je vremena za raspravu u kojoj su prisutni sve\u0107enici dali svoje osvrte, prijedloge i kritike na re\u010deno, s ciljem pomo\u0107i pri osmi\u0161ljavanju \u0161to boljeg pastorala braka i obitelji. Potom je bilo vremena za dogovor oko ostalih pastoralnih planova u \u017eupama dekanata. Susret je zavr\u0161io euharistijskim slavljem, kojeg je predvodio don Ante Vrhovac, te zajedni\u0161tvom prisutnih sve\u0107enika za obiteljskim stolom.<\/p>\n","protected":false},"excerpt":{"rendered":"<p>U srijedu, 13. o\u017eujka 2024., odr\u017eana je redovita proljetna korona Ramskog dekanata, na kojoj su sudjelovala jedanaestorica sve\u0107enika spomenutog dekanata. Doma\u0107in susreta bila je \u017eupa sv. Franje Asi\u0161kog u Rumbocima, na \u010delu sa svojim \u017eupnikom fra Ilijom Juri\u0107em. Nakon uvodne molitve i pozdrava pre\u010d. Marka Tomi\u0107a, ramskog dekana, uslijedilo je predavanje pod nazivom Neizostavnost braka i obitelji za \u017eivot i poslanje Crkve, kojeg je odr\u017eao don Ante Vrhovac, nadbiskupijski povjerenik za pastoral braka i obitelji. U spomenutom predavanju istaknuta je temeljna motivacija Crkve za brigu oko braka i obitelji, koja&#8230; <\/p>\n","protected":false},"author":1,"featured_media":3700,"comment_status":"closed","ping_status":"closed","sticky":false,"template":"","format":"standard","meta":{"footnotes":""},"categories":[5,43,50],"tags":[],"class_list":["post-3697","post","type-post","status-publish","format-standard","has-post-thumbnail","hentry","category-dogadanja","category-ramski-dekanat","category-seminar"],"_links":{"self":[{"href":"https:\/\/obitelj-vn.org\/index.php?rest_route=\/wp\/v2\/posts\/3697","targetHints":{"allow":["GET"]}}],"collection":[{"href":"https:\/\/obitelj-vn.org\/index.php?rest_route=\/wp\/v2\/posts"}],"about":[{"href":"https:\/\/obitelj-vn.org\/index.php?rest_route=\/wp\/v2\/types\/post"}],"author":[{"embeddable":true,"href":"https:\/\/obitelj-vn.org\/index.php?rest_route=\/wp\/v2\/users\/1"}],"replies":[{"embeddable":true,"href":"https:\/\/obitelj-vn.org\/index.php?rest_route=%2Fwp%2Fv2%2Fcomments&post=3697"}],"version-history":[{"count":1,"href":"https:\/\/obitelj-vn.org\/index.php?rest_route=\/wp\/v2\/posts\/3697\/revisions"}],"predecessor-version":[{"id":3701,"href":"https:\/\/obitelj-vn.org\/index.php?rest_route=\/wp\/v2\/posts\/3697\/revisions\/3701"}],"wp:featuredmedia":[{"embeddable":true,"href":"https:\/\/obitelj-vn.org\/index.php?rest_route=\/wp\/v2\/media\/3700"}],"wp:attachment":[{"href":"https:\/\/obitelj-vn.org\/index.php?rest_route=%2Fwp%2Fv2%2Fmedia&parent=3697"}],"wp:term":[{"taxonomy":"category","embeddable":true,"href":"https:\/\/obitelj-vn.org\/index.php?rest_route=%2Fwp%2Fv2%2Fcategories&post=3697"},{"taxonomy":"post_tag","embeddable":true,"href":"https:\/\/obitelj-vn.org\/index.php?rest_route=%2Fwp%2Fv2%2Ftags&post=3697"}],"curies":[{"name":"wp","href":"https:\/\/api.w.org\/{rel}","templated":true}]}}