{"id":3667,"date":"2024-02-27T09:52:08","date_gmt":"2024-02-27T09:52:08","guid":{"rendered":"https:\/\/obitelj-vn.org\/?p=3667"},"modified":"2024-03-06T09:52:25","modified_gmt":"2024-03-06T09:52:25","slug":"odrzan-ovogodisnji-seminar-trajne-svecenicke-izgradnje","status":"publish","type":"post","link":"https:\/\/obitelj-vn.org\/?p=3667","title":{"rendered":"Odr\u017ean ovogodi\u0161nji Seminar trajne sve\u0107eni\u010dke izgradnje"},"content":{"rendered":"<div class=\"uk-panel uk-margin-large uk-margin-remove-top\">\n<p>U Nadbiskupijskom centru za pastoral mladih \u201eIvan Pavao II.\u201c 26. i 27. velja\u010de odr\u017ean je Seminar trajne izgradnje sve\u0107enika do 10 godina misni\u0161tva na kojemu je sudjelovalo 23 sve\u0107enika Vrhbosanske nadbiskupije koji su re\u0111eni u razdoblju od 2014. do 2023.<\/p>\n<p>Sredi\u0161nja tema dvodnevnog susreta bila je:\u00a0<em>Sve\u0107enik izme\u0111u duhovnosti i svjetovnosti<\/em>. Na po\u010detku seminara sudionike su pozdravili moderatori: generalni vikar VN-a\u00a0<strong>mons. Sla\u0111an \u0106osi\u0107<\/strong>\u00a0i ravnatelj tuzlanskog K\u0160C\u00a0<em>Sv. Franjo<\/em>\u00a0te povjerenik za pastoral braka i obitelji VN-a\u00a0<strong>vl\u010d. Ante Vrhovac<\/strong>\u00a0koji je ujedno i predstavio program i predava\u010da\u00a0<strong>fra Miru Relotu<\/strong>, duhovnika franjeva\u010dkih bogoslova i sjemeni\u0161taraca provincije Bosne Srebrene.<\/p>\n<p><img loading=\"lazy\" decoding=\"async\" src=\"https:\/\/vrhbosanska-nadbiskupija.org\/images\/vijesti\/2024\/sa_3.jpg\" alt=\"sa 3\" width=\"1024\" height=\"720\" \/><\/p>\n<p>Prvo predavanje fra Miro je odr\u017eao na temu\u00a0<em>Ostati u Gospodinu kako bismo donijeli plod<\/em>\u00a0tijekom kojega je uz interakciju sa sudionicima istaknuo va\u017enost me\u0111usobnog poznavanja, izgradnje svijesti o bratstvu po sakramentu svetog reda te davanju plodova u sve\u0107eni\u010dkom \u017eivotu. Predava\u010d je na kraju dana predslavio sv. misu s ve\u010dernjom molitvom u kapelici NCM-a\u00a0<em>Ivan Pavao II.<\/em><\/p>\n<p><img loading=\"lazy\" decoding=\"async\" src=\"https:\/\/vrhbosanska-nadbiskupija.org\/images\/vijesti\/2024\/sa_5.jpg\" alt=\"sa 5\" width=\"1024\" height=\"720\" \/><\/p>\n<p>Drugi dan je zapo\u010deo jutarnjom molitvom te je nastavljen uz predavanje istog predava\u010da na temu:\u00a0<em>Duhovna svjetovnost tra\u017ei ljudsku slavu i osobnu dobrobit<\/em>. U njemu je napravio osvrt na pismo koje je papa Franjo uputio sve\u0107enicima Rimske biskupije te je kao glavne napasti u sve\u0107eni\u010dkom odnosu prema Bogu, biskupu, kolegama i vjernicima istaknuo: klerikalizam, zloupotrebu duhovne mo\u0107i i samopromociju. Nakon toga uslijedio je rad u skupinama u kojemu su sudionici dali i svoj vlastiti doprinos i razmi\u0161ljanja na zadane teme.<\/p>\n<p><img loading=\"lazy\" decoding=\"async\" src=\"https:\/\/vrhbosanska-nadbiskupija.org\/images\/vijesti\/2024\/sa_9.jpg\" alt=\"sa 9\" width=\"1024\" height=\"720\" \/><\/p>\n<p>Vrhunac dvodnevnog seminara bila je sv. misa koju je predslavio vrhbosanski nadbiskup metropolita\u00a0<strong>mons. Tomo Vuk\u0161i\u0107<\/strong>. U prigodnoj propovijedi osvrnuo se na evan\u0111elje koje se \u010ditalo toga dana u kojemu je Isus kritizirao licemjerje farizeja i pismoznanaca utvrdiv\u0161i da se fenomen farizejstva i pismoznanstva prote\u017ee kroz sva vremena. Za\u017eelio je sebi i sve\u0107enicima da na svome putu budu dosljedni kako bi u kona\u010dnici \u010duli rije\u010di: \u201eSlu\u0161ajte i \u010dinite \u0161to oni \u010dine!\u201c<\/p>\n<p>Zavr\u0161no vrijedi spomenuti kako su na dvodnevnom seminaru sudjelovali:\u00a0<strong>vl\u010d. Oliver Jerkovi\u0107<\/strong>,\u00a0<strong>vl\u010d. Vlado Vrebac<\/strong>,<strong>\u00a0vl\u010d. Ljubo Zelenika<\/strong>,\u00a0<strong>vl\u010d. Stjepan Didak<\/strong>,\u00a0<strong>vl\u010d. Marko Sli\u0161kovi\u0107<\/strong>,\u00a0<strong>vl\u010d. Ivan Ivan\u010devi\u0107<\/strong>,\u00a0<strong>vl\u010d. Dra\u017een Kustura<\/strong>,\u00a0vl\u010d. Ante Vrhovac,\u00a0<strong>vl\u010d. Ante Ljulj<\/strong>,\u00a0<strong>vl\u010d. Sandro Jure\u0161i\u0107<\/strong>,\u00a0<strong>\u00a0vl\u010d. \u0160tefan Markovi\u0107<\/strong>,\u00a0<strong>vl\u010d. Jadranko Kurt<\/strong>,\u00a0<strong>\u00a0vl\u010d. Ivan Dragi\u010devi\u0107<\/strong>,<strong>\u00a0vl\u010d. Marcel Tunji\u0107<\/strong>,\u00a0<strong>vl\u010d. Josip Antuki\u0107<\/strong>,\u00a0<strong>vl\u010d. Marin Babi\u0107<\/strong>,\u00a0<strong>vl\u010d. Josip Dedi<\/strong><strong>\u0107, vl\u010d. Stipica Le\u0161i\u0107, vl\u010d. Ivan Mija\u0107<\/strong><strong>,<\/strong><strong>\u00a0vl\u010d. Dino Mustafi<\/strong><strong>,<\/strong><strong>\u00a0vl\u010d. Paulo Coelho<\/strong><strong>,<\/strong><strong>\u00a0vl\u010d. Josip Markovi\u0107\u00a0<\/strong><strong>i<\/strong><strong>\u00a0vl\u010d. Josip Papak<\/strong><strong>.<\/strong><\/p>\n<p><strong>\u00a0<\/strong><\/p>\n<p><strong>D. K.<\/strong><\/p>\n<\/div>\n","protected":false},"excerpt":{"rendered":"<p>U Nadbiskupijskom centru za pastoral mladih \u201eIvan Pavao II.\u201c 26. i 27. velja\u010de odr\u017ean je Seminar trajne izgradnje sve\u0107enika do 10 godina misni\u0161tva na kojemu je sudjelovalo 23 sve\u0107enika Vrhbosanske nadbiskupije koji su re\u0111eni u razdoblju od 2014. do 2023. Sredi\u0161nja tema dvodnevnog susreta bila je:\u00a0Sve\u0107enik izme\u0111u duhovnosti i svjetovnosti. Na po\u010detku seminara sudionike su pozdravili moderatori: generalni vikar VN-a\u00a0mons. Sla\u0111an \u0106osi\u0107\u00a0i ravnatelj tuzlanskog K\u0160C\u00a0Sv. Franjo\u00a0te povjerenik za pastoral braka i obitelji VN-a\u00a0vl\u010d. Ante Vrhovac\u00a0koji je ujedno i predstavio program i predava\u010da\u00a0fra Miru Relotu, duhovnika franjeva\u010dkih bogoslova i sjemeni\u0161taraca provincije&#8230; <\/p>\n","protected":false},"author":1,"featured_media":3668,"comment_status":"closed","ping_status":"closed","sticky":false,"template":"","format":"standard","meta":{"footnotes":""},"categories":[5,50],"tags":[],"class_list":["post-3667","post","type-post","status-publish","format-standard","has-post-thumbnail","hentry","category-dogadanja","category-seminar"],"_links":{"self":[{"href":"https:\/\/obitelj-vn.org\/index.php?rest_route=\/wp\/v2\/posts\/3667","targetHints":{"allow":["GET"]}}],"collection":[{"href":"https:\/\/obitelj-vn.org\/index.php?rest_route=\/wp\/v2\/posts"}],"about":[{"href":"https:\/\/obitelj-vn.org\/index.php?rest_route=\/wp\/v2\/types\/post"}],"author":[{"embeddable":true,"href":"https:\/\/obitelj-vn.org\/index.php?rest_route=\/wp\/v2\/users\/1"}],"replies":[{"embeddable":true,"href":"https:\/\/obitelj-vn.org\/index.php?rest_route=%2Fwp%2Fv2%2Fcomments&post=3667"}],"version-history":[{"count":1,"href":"https:\/\/obitelj-vn.org\/index.php?rest_route=\/wp\/v2\/posts\/3667\/revisions"}],"predecessor-version":[{"id":3671,"href":"https:\/\/obitelj-vn.org\/index.php?rest_route=\/wp\/v2\/posts\/3667\/revisions\/3671"}],"wp:featuredmedia":[{"embeddable":true,"href":"https:\/\/obitelj-vn.org\/index.php?rest_route=\/wp\/v2\/media\/3668"}],"wp:attachment":[{"href":"https:\/\/obitelj-vn.org\/index.php?rest_route=%2Fwp%2Fv2%2Fmedia&parent=3667"}],"wp:term":[{"taxonomy":"category","embeddable":true,"href":"https:\/\/obitelj-vn.org\/index.php?rest_route=%2Fwp%2Fv2%2Fcategories&post=3667"},{"taxonomy":"post_tag","embeddable":true,"href":"https:\/\/obitelj-vn.org\/index.php?rest_route=%2Fwp%2Fv2%2Ftags&post=3667"}],"curies":[{"name":"wp","href":"https:\/\/api.w.org\/{rel}","templated":true}]}}