{"id":3654,"date":"2024-02-24T21:24:33","date_gmt":"2024-02-24T21:24:33","guid":{"rendered":"https:\/\/obitelj-vn.org\/?p=3654"},"modified":"2024-02-24T21:24:33","modified_gmt":"2024-02-24T21:24:33","slug":"odrzan-tecaj-priprave-za-brak-u-kresevu","status":"publish","type":"post","link":"https:\/\/obitelj-vn.org\/?p=3654","title":{"rendered":"ODR\u017dAN TE\u010cAJ PRIPRAVE ZA BRAK U KRE\u0160EVU"},"content":{"rendered":"<p>U subotu 24. velja\u010de 2024. godine uprili\u010den je cjelodnevni te\u010daj priprave za sakramentalni brak u \u017eupi Uznesenja Bla\u017eene Djevice Marije i samostanu svete Katarine Kre\u0161evo.<\/p>\n<p>Te\u010daj je organizirao Ured za brak i obitelj Vrhbosanske nadbiskupije u suradnji sa \u017eupnikom \u017eupe Kre\u0161evo i gvardijanom samostana fra Josipom Tomasom<strong>. <\/strong>Sudjelovalo je 94 zaru\u010dnika iz Kre\u0161evskog i drugih dekanata Vrhbosanske nadbiskupije te nekoliko zaru\u010dnika iz Mostarsko-duvanjske biskupije.<\/p>\n<p>Sam susret zapo\u010deo je molitvom i pozdravom\u00a0<strong>dr. sc. vl\u010d. Ante Vrhovca<\/strong>, povjerenika za pastoral braka i obitelji Vrhbosanske nadbiskupije i ravnatelja Katoli\u010dkog \u0161kolskog Centra\u00a0<em>Sveti Franjo<\/em>\u00a0Tuzla.<\/p>\n<p>Potom su obra\u0111ene \u010detiri tematske jedinice iz teolo\u0161ko-duhovne, psiholo\u0161ko-pedago\u0161ke, medicinske te pravno-moralne perspektive. Predava\u010di su, uz vl\u010d. Vrhovca bili:\u00a0<strong>Ana Katavi\u0107, prof. psihologije i univ. spec. mediat.<\/strong>,\u00a0<strong>dr. med. Ana Pecirep, specijalistica \u00a0ginekologije\u00a0i\u00a0opstetricije i dr. sc. fra \u0160imo Ivelj<\/strong>, <strong>crkveni pravnik.<\/strong> Moderator i tehni\u010dka podr\u0161ka na te\u010daju bio je Mario Juri\u0161i\u0107, mag. theol.<\/p>\n<p>Na kraju je sprovedena anonimna anketa u kojoj su zaru\u010dnici imali priliku ocijeniti korisnost te\u010daja i obra\u0111enih tema te predlo\u017eiti druge teme koje bi se obra\u0111ivale na daljnjim seminarima za bra\u010dne parove.<\/p>\n<p>Sljede\u0107i te\u010daj priprave za sakramentalni brak odr\u017eat \u0107e se 2. o\u017eujka 2024. godine u \u0160ama\u010dkom dekanatu u \u017eupi i samostanu Uznesenja BDM u Tolisi.<\/p>\n<div id=\"grid-gallery-88-99810\" data-gg-id=\"88\" data-title=\"Kresevo 2024\" data-grid-type=\"1\" data-offset=\"0\" data-area-position=\"center\" data-icons=\"\" data-preloader=\"true\" data-width=\"215\" data-height=\"\" data-padding=\"0\" data-quicksand=\"disabled\" data-quicksand-duration=\"1800\" data-popup-theme=\"theme_6\" data-popup-type=\"pretty-photo\" data-popup-image-text=\"data-caption\" data-popup-widthsize=\"auto\" data-popup-heightsize=\"auto\" data-popup-i18n-words=\"{&quot;close&quot;:&quot;close&quot;,&quot;next&quot;:&quot;next&quot;,&quot;previous&quot;:&quot;previous&quot;,&quot;start_slideshow&quot;:&quot;start slideshow&quot;,&quot;stop_slideshow&quot;:&quot;stop slideshow&quot;,&quot;image&quot;:&quot;image&quot;,&quot;of&quot;:&quot;of&quot;,&quot;prev&quot;:&quot;prev&quot;,&quot;cExpand&quot;:&quot;Expand&quot;,&quot;cPrevious&quot;:&quot;Previous&quot;,&quot;cNext&quot;:&quot;Next&quot;,&quot;cExpandStr&quot;:&quot;Expand the image&quot;,&quot;cRotate&quot;:&quot;Rotate&quot;,&quot;cDetails&quot;:&quot;Details&quot;}\" data-popup-slideshow=\"false\" data-popup-slideshow-speed=\"2500\" data-popup-hoverstop=\"true\" data-popup-slideshow-auto=\"false\" data-popup-background=\"\" data-popup-transparency=\"30\" data-popup-disable-history=\"\" data-popup-disable-changed-url=\"\" data-popup-border-type=\"\" data-popup-border-color=\"\" data-popup-border-width=\"\" data-popup-border-enable=\"\" data-fullscreen=\"false\" data-hide-tooltip=\"false\" data-caption-font-family=\"Default\" data-caption-text-size=\"140\" data-is-mobile=\"0\" data-caption-mobile=\"false\" data-hide-long-tltp-title=\"0\" data-caption-disabled-on-mobile=\"false\" data-popup-placement-type=\"0\" data-social-sharing=\"{&quot;enabled&quot;:&quot;&quot;,&quot;gallerySharing&quot;:{&quot;enabled&quot;:null,&quot;position&quot;:null},&quot;imageSharing&quot;:{&quot;enabled&quot;:null,&quot;wrapperClass&quot;:&quot; vertical &quot;},&quot;popupSharing&quot;:{&quot;enabled&quot;:null,&quot;wrapperClass&quot;:&quot; vertical &quot;}}\" class=\"grid-gallery grid-gallery-fluid-height \" style=\" width:100%; height:auto; margin-left:auto; margin-right:auto;position:relative;\"> <div class=\"gallery-loading\"> <div class=\"blocks\"> <div class=\"block\"><\/div> <div class=\"block\"><\/div> <div class=\"block\"><\/div> <div class=\"block\"><\/div> <\/div> <\/div> <div class=\"gallery-sharing-top\" style=\"display:none;\"> <\/div> <div id=\"photos-88\" class=\"grid-gallery-photos\"><FIGURE class=\"grid-gallery-caption\" data-grid-gallery-type=\"revolving-door-left\" data-index=\"0\" style=\"display:none;border-radius:00;; margin:0px; width:2150;\" ><div class=\"crop\" style=\"\"><img decoding=\"async\" src=\"https:\/\/obitelj-vn.org\/wp-content\/uploads\/2024\/02\/IMG-20240224-WA0008-215x287.jpg\" class=\"ggImg\" alt=\"IMG-20240224-WA0008\" title=\"IMG-20240224-WA0008\" data-description=\"IMG-20240224-WA0008\" data-caption=\"IMG-20240224-WA0008\" data-title=\"IMG-20240224-WA0008\" style=\" width:215px;\" \/><\/div><FIGCAPTION class=\"\" data-alpha=\"5\" style=\"color:#ffffff; background-color:#0a076d; font-size:140; text-align:left; font-family:Default;\" ><div class=\"grid-gallery-figcaption-wrap\" style=\"\"><\/div><\/FIGCAPTION><\/FIGURE><FIGURE class=\"grid-gallery-caption\" data-grid-gallery-type=\"revolving-door-left\" data-index=\"1\" style=\"display:none;border-radius:00;; margin:0px; width:2150;\" ><div class=\"crop\" style=\"\"><img decoding=\"async\" src=\"https:\/\/obitelj-vn.org\/wp-content\/uploads\/2024\/02\/IMG_20240224_110324-215x161.jpg\" class=\"ggImg\" alt=\"IMG_20240224_110324\" title=\"IMG_20240224_110324\" data-description=\"IMG_20240224_110324\" data-caption=\"IMG_20240224_110324\" data-title=\"IMG_20240224_110324\" style=\" width:215px;\" \/><\/div><FIGCAPTION class=\"\" data-alpha=\"5\" style=\"color:#ffffff; background-color:#0a076d; font-size:140; text-align:left; font-family:Default;\" ><div class=\"grid-gallery-figcaption-wrap\" style=\"\"><\/div><\/FIGCAPTION><\/FIGURE><FIGURE class=\"grid-gallery-caption\" data-grid-gallery-type=\"revolving-door-left\" data-index=\"2\" style=\"display:none;border-radius:00;; margin:0px; width:2150;\" ><div class=\"crop\" style=\"\"><img decoding=\"async\" src=\"https:\/\/obitelj-vn.org\/wp-content\/uploads\/2024\/02\/IMG_20240224_094708-215x161.jpg\" class=\"ggImg\" alt=\"IMG_20240224_094708\" title=\"IMG_20240224_094708\" data-description=\"IMG_20240224_094708\" data-caption=\"IMG_20240224_094708\" data-title=\"IMG_20240224_094708\" style=\" width:215px;\" \/><\/div><FIGCAPTION class=\"\" data-alpha=\"5\" style=\"color:#ffffff; background-color:#0a076d; font-size:140; text-align:left; font-family:Default;\" ><div class=\"grid-gallery-figcaption-wrap\" style=\"\"><\/div><\/FIGCAPTION><\/FIGURE> <div class=\"grid-gallery-clearfix\"><\/div> <\/div> <div class=\"gallery-sharing-bottom\" style=\"display:none;\"> <\/div> <div class=\"gallery-sharing-image\" style=\"display:none;\"> <\/div> <div class=\"gallery-sharing-popup\" style=\"display:none;\"> <\/div> <div class=\"grid-gallery-clearfix\"><\/div> <\/div> <!-- Gallery by Supsystic plugin1.16.0 --><a title=\"WordPress Image Gallery Plugin\" style=\"display:none;\" href=\"https:\/\/supsystic.com\/plugins\/photo-gallery\/?utm_medium=love_link\" target=\"_blank\">WordPress Image Gallery Plugin<\/a>\n","protected":false},"excerpt":{"rendered":"<p>U subotu 24. velja\u010de 2024. godine uprili\u010den je cjelodnevni te\u010daj priprave za sakramentalni brak u \u017eupi Uznesenja Bla\u017eene Djevice Marije i samostanu svete Katarine Kre\u0161evo. Te\u010daj je organizirao Ured za brak i obitelj Vrhbosanske nadbiskupije u suradnji sa \u017eupnikom \u017eupe Kre\u0161evo i gvardijanom samostana fra Josipom Tomasom. Sudjelovalo je 94 zaru\u010dnika iz Kre\u0161evskog i drugih dekanata Vrhbosanske nadbiskupije te nekoliko zaru\u010dnika iz Mostarsko-duvanjske biskupije. Sam susret zapo\u010deo je molitvom i pozdravom\u00a0dr. sc. vl\u010d. Ante Vrhovca, povjerenika za pastoral braka i obitelji Vrhbosanske nadbiskupije i ravnatelja Katoli\u010dkog \u0161kolskog Centra\u00a0Sveti Franjo\u00a0Tuzla. Potom&#8230; <\/p>\n","protected":false},"author":1,"featured_media":3655,"comment_status":"closed","ping_status":"closed","sticky":false,"template":"","format":"standard","meta":{"footnotes":""},"categories":[5,46,51],"tags":[],"class_list":["post-3654","post","type-post","status-publish","format-standard","has-post-thumbnail","hentry","category-dogadanja","category-kresevski-dekanat","category-tecaj-priprave-za-brak"],"_links":{"self":[{"href":"https:\/\/obitelj-vn.org\/index.php?rest_route=\/wp\/v2\/posts\/3654","targetHints":{"allow":["GET"]}}],"collection":[{"href":"https:\/\/obitelj-vn.org\/index.php?rest_route=\/wp\/v2\/posts"}],"about":[{"href":"https:\/\/obitelj-vn.org\/index.php?rest_route=\/wp\/v2\/types\/post"}],"author":[{"embeddable":true,"href":"https:\/\/obitelj-vn.org\/index.php?rest_route=\/wp\/v2\/users\/1"}],"replies":[{"embeddable":true,"href":"https:\/\/obitelj-vn.org\/index.php?rest_route=%2Fwp%2Fv2%2Fcomments&post=3654"}],"version-history":[{"count":1,"href":"https:\/\/obitelj-vn.org\/index.php?rest_route=\/wp\/v2\/posts\/3654\/revisions"}],"predecessor-version":[{"id":3658,"href":"https:\/\/obitelj-vn.org\/index.php?rest_route=\/wp\/v2\/posts\/3654\/revisions\/3658"}],"wp:featuredmedia":[{"embeddable":true,"href":"https:\/\/obitelj-vn.org\/index.php?rest_route=\/wp\/v2\/media\/3655"}],"wp:attachment":[{"href":"https:\/\/obitelj-vn.org\/index.php?rest_route=%2Fwp%2Fv2%2Fmedia&parent=3654"}],"wp:term":[{"taxonomy":"category","embeddable":true,"href":"https:\/\/obitelj-vn.org\/index.php?rest_route=%2Fwp%2Fv2%2Fcategories&post=3654"},{"taxonomy":"post_tag","embeddable":true,"href":"https:\/\/obitelj-vn.org\/index.php?rest_route=%2Fwp%2Fv2%2Ftags&post=3654"}],"curies":[{"name":"wp","href":"https:\/\/api.w.org\/{rel}","templated":true}]}}