{"id":3647,"date":"2024-02-22T21:06:54","date_gmt":"2024-02-22T21:06:54","guid":{"rendered":"https:\/\/obitelj-vn.org\/?p=3647"},"modified":"2024-02-22T21:07:36","modified_gmt":"2024-02-22T21:07:36","slug":"odrzana-mjesecna-rekolekcija-svecenika-sibenske-biskupije","status":"publish","type":"post","link":"https:\/\/obitelj-vn.org\/?p=3647","title":{"rendered":"Odr\u017eana mjese\u010dna rekolekcija sve\u0107enika \u0160ibenske biskupije"},"content":{"rendered":"<div class=\"single-page__excerpt-container\">\n<p><strong>Redovita mjese\u010dna rekolekcija sve\u0107enika \u0160ibenske biskupije odr\u017eana je u srijedu, 21. velja\u010de 2024. u Sveti\u0161tu Gospe od Vrpolja u Vrpolju, izvijestio je Ured za informacije \u0160ibenske biskupije.<\/strong><\/p>\n<\/div>\n<div class=\"single-page__content-divider\">\n<hr \/>\n<\/div>\n<div class=\"c-wp-content\">\n<p><img loading=\"lazy\" decoding=\"async\" class=\"alignleft wp-image-3648 size-medium\" src=\"https:\/\/obitelj-vn.org\/wp-content\/uploads\/2024\/02\/IMG_20240221_103526-scaled-1024x768-1-300x225.jpg\" alt=\"\" width=\"300\" height=\"225\" srcset=\"https:\/\/obitelj-vn.org\/wp-content\/uploads\/2024\/02\/IMG_20240221_103526-scaled-1024x768-1-300x225.jpg 300w, https:\/\/obitelj-vn.org\/wp-content\/uploads\/2024\/02\/IMG_20240221_103526-scaled-1024x768-1-768x576.jpg 768w, https:\/\/obitelj-vn.org\/wp-content\/uploads\/2024\/02\/IMG_20240221_103526-scaled-1024x768-1.jpg 1024w\" sizes=\"auto, (max-width: 300px) 100vw, 300px\" \/>Sredi\u0161nji dio susreta bilo je izlaganje \u201eProdubljivanje veze braka i Euharistije kao nu\u017enost na\u0161eg vremena\u201c povjerenika za pastoral braka i obitelji Vrhbosanske nadbiskupije dr. sc. don Ante Vrhovca.<\/p>\n<p>U izlaganju je govorio o\u00a0 odnosu izme\u0111u izraelske Pashe i obitelji, te odnosu braka, obitelji i Euharistije. U Izraelu slavlje Pashe je nezamislivo bez obitelji, koja je subjekt ku\u0107ne liturgije toga blagdana. U Novom savezu, uz svu novost koju donosi Isus Krist i koja ispunja i nadilazi starozavjetne stvarnosti, brak je postao jedan od sedam sakramenata. To zna\u010di da uloga braka i obitelji nije oslabljena.<\/p>\n<p>U drugom dijelu rekolekcije sve\u0107enici su upoznati s predstoje\u0107im pastoralnim programima u \u0160ibenskoj biskupiji. Biskupijski povjerenik za pastoral mladih don Ante Vrci\u0107 ukazao je na doga\u0111anja vezana za mlade u narednom vremenskom periodu. Posebno je istaknuo Kri\u017eni put mladih koji \u0107e se ove godine odr\u017eati na relaciji Kljaci \u2013 Ogorje. Sve\u0107enike je upoznao i sa Susretom hrvatske katoli\u010dke mlade\u017ei koji \u0107e se u svibnju odr\u017eati u Gospi\u0107u. O smotri crkvenog pu\u010dkog pjevanja \u201ePu\u010de moj\u201c koja \u0107e se ove godine odr\u017eati 6. travnja u Vodicama govorio je \u017eupnik u Vodicama don Franjo Glasnovi\u0107.<\/p>\n<p>\u0160ibenski biskup Tomislav Rogi\u0107 sve\u0107enike je upoznao s korekcijom financijskog sustava u \u0160ibenskoj biskupiji, izvijestio je Ured za informacije \u0160ibenske biskupije.<\/p>\n<p style=\"text-align: right;\"><em>Izvor: https:\/\/ika.hkm.hr\/novosti\/odrzana-mjesecna-rekolekcija-svecenika-sibenske-biskupije\/<\/em><\/p>\n<\/div>\n","protected":false},"excerpt":{"rendered":"<p>Redovita mjese\u010dna rekolekcija sve\u0107enika \u0160ibenske biskupije odr\u017eana je u srijedu, 21. velja\u010de 2024. u Sveti\u0161tu Gospe od Vrpolja u Vrpolju, izvijestio je Ured za informacije \u0160ibenske biskupije. Sredi\u0161nji dio susreta bilo je izlaganje \u201eProdubljivanje veze braka i Euharistije kao nu\u017enost na\u0161eg vremena\u201c povjerenika za pastoral braka i obitelji Vrhbosanske nadbiskupije dr. sc. don Ante Vrhovca. U izlaganju je govorio o\u00a0 odnosu izme\u0111u izraelske Pashe i obitelji, te odnosu braka, obitelji i Euharistije. U Izraelu slavlje Pashe je nezamislivo bez obitelji, koja je subjekt ku\u0107ne liturgije toga blagdana. U Novom savezu,&#8230; <\/p>\n","protected":false},"author":1,"featured_media":3649,"comment_status":"closed","ping_status":"closed","sticky":false,"template":"","format":"standard","meta":{"footnotes":""},"categories":[5,50],"tags":[],"class_list":["post-3647","post","type-post","status-publish","format-standard","has-post-thumbnail","hentry","category-dogadanja","category-seminar"],"_links":{"self":[{"href":"https:\/\/obitelj-vn.org\/index.php?rest_route=\/wp\/v2\/posts\/3647","targetHints":{"allow":["GET"]}}],"collection":[{"href":"https:\/\/obitelj-vn.org\/index.php?rest_route=\/wp\/v2\/posts"}],"about":[{"href":"https:\/\/obitelj-vn.org\/index.php?rest_route=\/wp\/v2\/types\/post"}],"author":[{"embeddable":true,"href":"https:\/\/obitelj-vn.org\/index.php?rest_route=\/wp\/v2\/users\/1"}],"replies":[{"embeddable":true,"href":"https:\/\/obitelj-vn.org\/index.php?rest_route=%2Fwp%2Fv2%2Fcomments&post=3647"}],"version-history":[{"count":3,"href":"https:\/\/obitelj-vn.org\/index.php?rest_route=\/wp\/v2\/posts\/3647\/revisions"}],"predecessor-version":[{"id":3652,"href":"https:\/\/obitelj-vn.org\/index.php?rest_route=\/wp\/v2\/posts\/3647\/revisions\/3652"}],"wp:featuredmedia":[{"embeddable":true,"href":"https:\/\/obitelj-vn.org\/index.php?rest_route=\/wp\/v2\/media\/3649"}],"wp:attachment":[{"href":"https:\/\/obitelj-vn.org\/index.php?rest_route=%2Fwp%2Fv2%2Fmedia&parent=3647"}],"wp:term":[{"taxonomy":"category","embeddable":true,"href":"https:\/\/obitelj-vn.org\/index.php?rest_route=%2Fwp%2Fv2%2Fcategories&post=3647"},{"taxonomy":"post_tag","embeddable":true,"href":"https:\/\/obitelj-vn.org\/index.php?rest_route=%2Fwp%2Fv2%2Ftags&post=3647"}],"curies":[{"name":"wp","href":"https:\/\/api.w.org\/{rel}","templated":true}]}}