{"id":3642,"date":"2024-02-19T20:25:45","date_gmt":"2024-02-19T20:25:45","guid":{"rendered":"https:\/\/obitelj-vn.org\/?p=3642"},"modified":"2024-02-19T20:26:33","modified_gmt":"2024-02-19T20:26:33","slug":"3642","status":"publish","type":"post","link":"https:\/\/obitelj-vn.org\/?p=3642","title":{"rendered":"ODR\u017dAN TE\u010cAJ PRIPRAVE ZA BRAK U VITEZU"},"content":{"rendered":"<p>U subotu 17. velja\u010de 2024. godine uprili\u010den je cjelodnevni te\u010daj priprave za sakramentalni brak u \u017eupi sv. Juraja mu\u010denika u Vitezu.<\/p>\n<p>Te\u010daj je organizirao Ured za brak i obitelj Vrhbosanske nadbiskupije u suradnji sa \u017eupnikom \u017eupe Vitez fra Velimirom Bavrkom i dekanom Travni\u010dkog dekanata pre\u010d. Josipom Lebom<strong>. <\/strong>Sudjelovalo je 50 zaru\u010dnika iz Travni\u010dkog i drugih dekanata te dvojica \u0111akona Vrhbosanske nadbiskupije.<\/p>\n<p>Sam susret zapo\u010deo je molitvom i pozdravom\u00a0<strong>dr. sc. vl\u010d. Ante Vrhovca<\/strong>, povjerenika za pastoral braka i obitelji Vrhbosanske nadbiskupije i ravnatelja Katoli\u010dkog \u0161kolskog Centra\u00a0<em>Sveti Franjo<\/em>\u00a0Tuzla.<\/p>\n<p>Potom su obra\u0111ene \u010detiri tematske jedinice iz teolo\u0161ko-duhovne, psiholo\u0161ko-pedago\u0161ke, medicinske te pravno-moralne perspektive. Predava\u010di su, uz vl\u010d. Vrhovca bili:\u00a0<strong>Emanuela Buzuk, prof. pedagogije<\/strong>,\u00a0<strong>dr. med. Ivona Katava i dr. sc. vl\u010d. Ilija Markovi\u0107<\/strong>, crkveni pravnik. Moderator i tehni\u010dka podr\u0161ka na te\u010daju bio je Mario Juri\u0161i\u0107, mag. theol.<\/p>\n<p>Na kraju je sprovedena anonimna anketa u kojoj su zaru\u010dnici imali priliku ocijeniti korisnost te\u010daja i obra\u0111enih tema te predlo\u017eiti druge teme koje bi se obra\u0111ivale na daljnjim seminarima za bra\u010dne parove.<\/p>\n<p>Te\u010daj priprave za sakramentalni brak za Kre\u0161evski dekanat, koji \u0107e se odr\u017eati 24. velja\u010de 2024., ne\u0107e biti odr\u017ean u \u017eupi sv. Ilije u Kiseljaku, kako je prvotno objavljeno. Novo mjesto odr\u017eavanja te\u010daja sa istom satnicom i istim programom je <strong>\u017eupa Uznesenja BDM u Kre\u0161evu. <\/strong><\/p>\n<div id=\"grid-gallery-87-39966\" data-gg-id=\"87\" data-title=\"Tecaj brak vitez 2024\" data-grid-type=\"2\" data-offset=\"5.3\" data-area-position=\"center\" data-icons=\"\" data-preloader=\"true\" data-width=\"auto\" data-height=\"215\" data-padding=\"0\" data-quicksand=\"disabled\" data-quicksand-duration=\"1800\" data-popup-theme=\"theme_6\" data-popup-type=\"pretty-photo\" data-popup-image-text=\"data-description\" data-popup-widthsize=\"auto\" data-popup-heightsize=\"auto\" data-popup-i18n-words=\"{&quot;close&quot;:&quot;close&quot;,&quot;next&quot;:&quot;next&quot;,&quot;previous&quot;:&quot;previous&quot;,&quot;start_slideshow&quot;:&quot;start slideshow&quot;,&quot;stop_slideshow&quot;:&quot;stop slideshow&quot;,&quot;image&quot;:&quot;image&quot;,&quot;of&quot;:&quot;of&quot;,&quot;prev&quot;:&quot;prev&quot;,&quot;cExpand&quot;:&quot;Expand&quot;,&quot;cPrevious&quot;:&quot;Previous&quot;,&quot;cNext&quot;:&quot;Next&quot;,&quot;cExpandStr&quot;:&quot;Expand the image&quot;,&quot;cRotate&quot;:&quot;Rotate&quot;,&quot;cDetails&quot;:&quot;Details&quot;}\" data-popup-slideshow=\"false\" data-popup-slideshow-speed=\"2500\" data-popup-hoverstop=\"true\" data-popup-slideshow-auto=\"false\" data-popup-background=\"\" data-popup-transparency=\"30\" data-popup-disable-history=\"\" data-popup-disable-changed-url=\"\" data-popup-border-type=\"\" data-popup-border-color=\"\" data-popup-border-width=\"\" data-popup-border-enable=\"\" data-fullscreen=\"false\" data-hide-tooltip=\"false\" data-caption-font-family=\"Default\" data-caption-text-size=\"140\" data-is-mobile=\"0\" data-caption-mobile=\"false\" data-hide-long-tltp-title=\"0\" data-caption-disabled-on-mobile=\"false\" data-popup-placement-type=\"0\" data-social-sharing=\"{&quot;enabled&quot;:&quot;&quot;,&quot;gallerySharing&quot;:{&quot;enabled&quot;:null,&quot;position&quot;:null},&quot;imageSharing&quot;:{&quot;enabled&quot;:null,&quot;wrapperClass&quot;:&quot; vertical &quot;},&quot;popupSharing&quot;:{&quot;enabled&quot;:null,&quot;wrapperClass&quot;:&quot; vertical &quot;}}\" class=\"grid-gallery grid-gallery-fixed \" style=\" width:100%; height:auto; margin-left:auto; margin-right:auto;position:relative;\"> <div class=\"gallery-loading\"> <div class=\"blocks\"> <div class=\"block\"><\/div> <div class=\"block\"><\/div> <div class=\"block\"><\/div> <div class=\"block\"><\/div> <\/div> <\/div> <div class=\"gallery-sharing-top\" style=\"display:none;\"> <\/div> <div id=\"photos-87\" class=\"grid-gallery-photos\"><FIGURE class=\"grid-gallery-caption\" data-grid-gallery-type=\"quarter-two-step\" data-index=\"0\" style=\"display:none;border-radius:200;; margin:2.65px; height:2150; width:auto;\" ><div class=\"crop\" style=\"\"><img decoding=\"async\" src=\"https:\/\/obitelj-vn.org\/wp-content\/uploads\/2024\/02\/IMG_20240217_093620-287x215.jpg\" class=\"ggImg ggNotInitImg\" alt=\"IMG_20240217_093620\" title=\"IMG_20240217_093620\" data-description=\"IMG_20240217_093620\" data-caption=\"IMG_20240217_093620\" data-title=\"IMG_20240217_093620\" style=\" height:215px; width:auto;\" \/><\/div><FIGCAPTION class=\"\" data-alpha=\"5\" style=\"color:#ffffff; background-color:#0c0000; font-size:140; text-align:2; font-family:Default;\" ><div class=\"grid-gallery-figcaption-wrap\" style=\"\"><\/div><\/FIGCAPTION><\/FIGURE><FIGURE class=\"grid-gallery-caption\" data-grid-gallery-type=\"quarter-two-step\" data-index=\"1\" style=\"display:none;border-radius:200;; margin:2.65px; height:2150; width:auto;\" ><div class=\"crop\" style=\"\"><img decoding=\"async\" src=\"https:\/\/obitelj-vn.org\/wp-content\/uploads\/2024\/02\/IMG_20240217_093910-287x215.jpg\" class=\"ggImg ggNotInitImg\" alt=\"IMG_20240217_093910\" title=\"IMG_20240217_093910\" data-description=\"IMG_20240217_093910\" data-caption=\"IMG_20240217_093910\" data-title=\"IMG_20240217_093910\" style=\" height:215px; width:auto;\" \/><\/div><FIGCAPTION class=\"\" data-alpha=\"5\" style=\"color:#ffffff; background-color:#0c0000; font-size:140; text-align:2; font-family:Default;\" ><div class=\"grid-gallery-figcaption-wrap\" style=\"\"><\/div><\/FIGCAPTION><\/FIGURE><FIGURE class=\"grid-gallery-caption\" data-grid-gallery-type=\"quarter-two-step\" data-index=\"2\" style=\"display:none;border-radius:200;; margin:2.65px; height:2150; width:auto;\" ><div class=\"crop\" style=\"\"><img decoding=\"async\" src=\"https:\/\/obitelj-vn.org\/wp-content\/uploads\/2024\/02\/IMG_20240217_111904_1-287x215.jpg\" class=\"ggImg ggNotInitImg\" alt=\"IMG_20240217_111904_1\" title=\"IMG_20240217_111904_1\" data-description=\"IMG_20240217_111904_1\" data-caption=\"IMG_20240217_111904_1\" data-title=\"IMG_20240217_111904_1\" style=\" height:215px; width:auto;\" \/><\/div><FIGCAPTION class=\"\" data-alpha=\"5\" style=\"color:#ffffff; background-color:#0c0000; font-size:140; text-align:2; font-family:Default;\" ><div class=\"grid-gallery-figcaption-wrap\" style=\"\"><\/div><\/FIGCAPTION><\/FIGURE><FIGURE class=\"grid-gallery-caption\" data-grid-gallery-type=\"quarter-two-step\" data-index=\"3\" style=\"display:none;border-radius:200;; margin:2.65px; height:2150; width:auto;\" ><div class=\"crop\" style=\"\"><img decoding=\"async\" src=\"https:\/\/obitelj-vn.org\/wp-content\/uploads\/2024\/02\/IMG_20240217_121111-287x215.jpg\" class=\"ggImg ggNotInitImg\" alt=\"IMG_20240217_121111\" title=\"IMG_20240217_121111\" data-description=\"IMG_20240217_121111\" data-caption=\"IMG_20240217_121111\" data-title=\"IMG_20240217_121111\" style=\" height:215px; width:auto;\" \/><\/div><FIGCAPTION class=\"\" data-alpha=\"5\" style=\"color:#ffffff; background-color:#0c0000; font-size:140; text-align:2; font-family:Default;\" ><div class=\"grid-gallery-figcaption-wrap\" style=\"\"><\/div><\/FIGCAPTION><\/FIGURE><FIGURE class=\"grid-gallery-caption\" data-grid-gallery-type=\"quarter-two-step\" data-index=\"4\" style=\"display:none;border-radius:200;; margin:2.65px; height:2150; width:auto;\" ><div class=\"crop\" style=\"\"><img decoding=\"async\" src=\"https:\/\/obitelj-vn.org\/wp-content\/uploads\/2024\/02\/IMG_20240217_121120-287x215.jpg\" class=\"ggImg ggNotInitImg\" alt=\"IMG_20240217_121120\" title=\"IMG_20240217_121120\" data-description=\"IMG_20240217_121120\" data-caption=\"IMG_20240217_121120\" data-title=\"IMG_20240217_121120\" style=\" height:215px; width:auto;\" \/><\/div><FIGCAPTION class=\"\" data-alpha=\"5\" style=\"color:#ffffff; background-color:#0c0000; font-size:140; text-align:2; font-family:Default;\" ><div class=\"grid-gallery-figcaption-wrap\" style=\"\"><\/div><\/FIGCAPTION><\/FIGURE> <div class=\"grid-gallery-clearfix\"><\/div> <\/div> <div class=\"gallery-sharing-bottom\" style=\"display:none;\"> <\/div> <div class=\"gallery-sharing-image\" style=\"display:none;\"> <\/div> <div class=\"gallery-sharing-popup\" style=\"display:none;\"> <\/div> <div class=\"grid-gallery-clearfix\"><\/div> <\/div> <!-- Gallery by Supsystic plugin1.16.0 --><a title=\"WordPress Image Gallery Plugin\" style=\"display:none;\" href=\"https:\/\/supsystic.com\/plugins\/photo-gallery\/?utm_medium=love_link\" target=\"_blank\">WordPress Image Gallery Plugin<\/a>\n","protected":false},"excerpt":{"rendered":"<p>U subotu 17. velja\u010de 2024. godine uprili\u010den je cjelodnevni te\u010daj priprave za sakramentalni brak u \u017eupi sv. Juraja mu\u010denika u Vitezu. Te\u010daj je organizirao Ured za brak i obitelj Vrhbosanske nadbiskupije u suradnji sa \u017eupnikom \u017eupe Vitez fra Velimirom Bavrkom i dekanom Travni\u010dkog dekanata pre\u010d. Josipom Lebom. Sudjelovalo je 50 zaru\u010dnika iz Travni\u010dkog i drugih dekanata te dvojica \u0111akona Vrhbosanske nadbiskupije. Sam susret zapo\u010deo je molitvom i pozdravom\u00a0dr. sc. vl\u010d. Ante Vrhovca, povjerenika za pastoral braka i obitelji Vrhbosanske nadbiskupije i ravnatelja Katoli\u010dkog \u0161kolskog Centra\u00a0Sveti Franjo\u00a0Tuzla. Potom su obra\u0111ene \u010detiri&#8230; <\/p>\n","protected":false},"author":1,"featured_media":3638,"comment_status":"closed","ping_status":"closed","sticky":false,"template":"","format":"standard","meta":{"footnotes":""},"categories":[5,51,42],"tags":[],"class_list":["post-3642","post","type-post","status-publish","format-standard","has-post-thumbnail","hentry","category-dogadanja","category-tecaj-priprave-za-brak","category-travnicki-dekanat"],"_links":{"self":[{"href":"https:\/\/obitelj-vn.org\/index.php?rest_route=\/wp\/v2\/posts\/3642","targetHints":{"allow":["GET"]}}],"collection":[{"href":"https:\/\/obitelj-vn.org\/index.php?rest_route=\/wp\/v2\/posts"}],"about":[{"href":"https:\/\/obitelj-vn.org\/index.php?rest_route=\/wp\/v2\/types\/post"}],"author":[{"embeddable":true,"href":"https:\/\/obitelj-vn.org\/index.php?rest_route=\/wp\/v2\/users\/1"}],"replies":[{"embeddable":true,"href":"https:\/\/obitelj-vn.org\/index.php?rest_route=%2Fwp%2Fv2%2Fcomments&post=3642"}],"version-history":[{"count":4,"href":"https:\/\/obitelj-vn.org\/index.php?rest_route=\/wp\/v2\/posts\/3642\/revisions"}],"predecessor-version":[{"id":3646,"href":"https:\/\/obitelj-vn.org\/index.php?rest_route=\/wp\/v2\/posts\/3642\/revisions\/3646"}],"wp:featuredmedia":[{"embeddable":true,"href":"https:\/\/obitelj-vn.org\/index.php?rest_route=\/wp\/v2\/media\/3638"}],"wp:attachment":[{"href":"https:\/\/obitelj-vn.org\/index.php?rest_route=%2Fwp%2Fv2%2Fmedia&parent=3642"}],"wp:term":[{"taxonomy":"category","embeddable":true,"href":"https:\/\/obitelj-vn.org\/index.php?rest_route=%2Fwp%2Fv2%2Fcategories&post=3642"},{"taxonomy":"post_tag","embeddable":true,"href":"https:\/\/obitelj-vn.org\/index.php?rest_route=%2Fwp%2Fv2%2Ftags&post=3642"}],"curies":[{"name":"wp","href":"https:\/\/api.w.org\/{rel}","templated":true}]}}