{"id":3415,"date":"2022-12-28T22:52:28","date_gmt":"2022-12-28T22:52:28","guid":{"rendered":"https:\/\/obitelj-vn.org\/?p=3415"},"modified":"2022-12-28T22:53:13","modified_gmt":"2022-12-28T22:53:13","slug":"bozicna-duhovna-priprava-na-temu-covjek-bice-odnosa-prema-post-24b-25","status":"publish","type":"post","link":"https:\/\/obitelj-vn.org\/?p=3415","title":{"rendered":"Bo\u017ei\u0107na duhovna priprava na temu \u201e\u010covjek &#8211; bi\u0107e odnosa prema Post 2,4b-25\u201c"},"content":{"rendered":"<div class=\"single-page__excerpt-container\">\n<p>Prvi dio online bo\u017ei\u0107ne duhovne priprave u organizaciji Centra za savjetovanje i Ureda za brak i obitelj Vrhbosanske nadbiskupije odr\u017ean je 8. prosinca, na svetkovinu Bezgre\u0161nog za\u010de\u0107a Bla\u017eene Djevice Marije.<\/p>\n<\/div>\n<div class=\"c-wp-content\">\n<p align=\"justify\">Voditeljica je bila s. Silvana Fu\u017einato, bibli\u010darka a tema susreta bila je \u201e\u010covjek \u2013 bi\u0107e odnosa prema&nbsp;Post 2,4b-25\u201c.<\/p>\n<p align=\"justify\">Na po\u010detku je sve nazo\u010dne pozdravila dr. sc. Sanda Smoljo-Dobrovoljski, voditeljica Centra za savjetovanje Vrhbosanske nadbiskupije koja je sudionicima kratko predstavila s. Silvanu.<\/p>\n<p align=\"justify\">S. Silvana istaknula je na po\u010detku kako je cilj susreta do\u0107i do odgovora \u201eTko sam ja?\u201c U prvome dijelu opisivala je svetopisamski tekst&nbsp;Post 2,4b-25 ili&nbsp;tzv. Drugi izvje\u0161taj o stvaranju.&nbsp;Sveti pisac opisuje zemlju onakvu kakvu je on poznavao, dakle poput pustinje i u toj pustinji Bog stvara \u010dovjeka, nebo i zemlju. Bog postavlja \u010dovjek u vrt povjeravaju\u0107i mu ga, \u010dime ga poziva na odgovornost. Upute u vrtu koje je Bog dao \u010dovjeku imale su pozitivan ton \u2013 Bog je rekao s kojih stabala Adam smije jesti a samo za jedno mu je rekao da ne smije. Ta zabrana nije bila Bo\u017eja prijetnja nego Bo\u017eja granica postavljena radi \u010dovjekova dobra. Jedu\u0107i plod s toga stabla \u010dovjek je po\u010deo drugoga gledati drugoga kao objekt a ne kao sebi sli\u010dnoga. Dakle, u \u010dovjeka nije u\u0161la samo fizi\u010dka smrt nego smrt odnosa, ona koja naru\u0161ava odnose izme\u0111u Boga i \u010dovjeka, \u010dovjeka i \u010dovjeka te \u010dovjeka sa svime stvorenim. To je tzv. egzistencijalna samo\u0107a koja je ujedno i najgora od svih smrti.<\/p>\n<p align=\"justify\">Bog, nakon \u0161to je stvorio Adama, vidio je da to nije dovoljno te je odlu\u010dio stvoriti pomo\u0107 kao \u0161to je on. Stvaraju\u0107i najprije \u017eivotinje Bog je vidio da to nije pomo\u0107 kao \u0161to je Adam, te stoga stvara \u017eenu iz njegova rebra. Stvaranje iz rebra ozna\u010dava da je \u017eena Adamu dru\u017eica i da je bliska njegovu srcu.<\/p>\n<p align=\"justify\">U drugome dijelu susreta s. Silvana govorila je o me\u0111uljudskim odnosima i nekim zna\u010dajkama koje trebaju obilje\u017eavati napose odnose supru\u017enika,&nbsp;kao \u0161to su biti ravnopravni u odnosu jedno s drugim ne ispod\/iznad drugoga;&nbsp;prihvatit svoju stvorenost;&nbsp;prihvatit misterij drugoga:&nbsp;odgovornost prema drugome;&nbsp;prihva\u0107anje razli\u010ditosti mu\u0161karca i \u017eene kao ne\u0161to \u0161to oboga\u0107uje odnos.<\/p>\n<p align=\"justify\">Zavr\u0161avaju\u0107i mislima Martina Bubera, s. Silvana pozvala je sve sudionike na tra\u017eenje odgovora na dva pitanja: \u201eTko sam ja? Gdje sam ja?\u201c<\/p>\n<p align=\"justify\">U zadnjem dijelu susreta sudionici su imali priliku postaviti pitanje voditeljici ili dati svoj osvrt i svjedo\u010danstvo a susret je zavr\u0161en molitvom koju je predvodila s. Silvana.<\/p>\n<p align=\"justify\">Sljede\u0107i susret duhovne bo\u017ei\u0107ne priprave odr\u017eat \u0107e se 28. prosinca u 20h tako\u0111er&nbsp;putem&nbsp;aplikacije<i>&nbsp;Zoom.<\/i><\/p>\n<p align=\"justify\">Preuzeto sa:<\/p>\n<\/div>\n<p><iframe loading=\"lazy\" class=\"wp-embedded-content\" sandbox=\"allow-scripts\" security=\"restricted\" title=\"&#8220;Bo\u017ei\u0107na duhovna priprava na temu \u201e\u010covjek &#8211; bi\u0107e odnosa prema Post 2,4b-25\u201c&#8221; &#8212; IKA\" src=\"https:\/\/ika.hkm.hr\/novosti\/bozicna-duhovna-priprava-na-temu-covjek-bice-odnosa-prema-post-24b-25\/embed\/#?secret=rUya4k75gj\" data-secret=\"rUya4k75gj\" width=\"500\" height=\"282\" frameborder=\"0\" marginwidth=\"0\" marginheight=\"0\" scrolling=\"no\"><\/iframe><\/p>\n","protected":false},"excerpt":{"rendered":"<p>Prvi dio online bo\u017ei\u0107ne duhovne priprave u organizaciji Centra za savjetovanje i Ureda za brak i obitelj Vrhbosanske nadbiskupije odr\u017ean je 8. prosinca, na svetkovinu Bezgre\u0161nog za\u010de\u0107a Bla\u017eene Djevice Marije. Voditeljica je bila s. Silvana Fu\u017einato, bibli\u010darka a tema susreta bila je \u201e\u010covjek \u2013 bi\u0107e odnosa prema&nbsp;Post 2,4b-25\u201c. Na po\u010detku je sve nazo\u010dne pozdravila dr. sc. Sanda Smoljo-Dobrovoljski, voditeljica Centra za savjetovanje Vrhbosanske nadbiskupije koja je sudionicima kratko predstavila s. Silvanu. S. Silvana istaknula je na po\u010detku kako je cilj susreta do\u0107i do odgovora \u201eTko sam ja?\u201c U prvome dijelu&#8230; <\/p>\n","protected":false},"author":1,"featured_media":3417,"comment_status":"closed","ping_status":"closed","sticky":false,"template":"","format":"standard","meta":{"footnotes":""},"categories":[5,48,76],"tags":[],"class_list":["post-3415","post","type-post","status-publish","format-standard","has-post-thumbnail","hentry","category-dogadanja","category-duhovna-obnova","category-online"],"_links":{"self":[{"href":"https:\/\/obitelj-vn.org\/index.php?rest_route=\/wp\/v2\/posts\/3415","targetHints":{"allow":["GET"]}}],"collection":[{"href":"https:\/\/obitelj-vn.org\/index.php?rest_route=\/wp\/v2\/posts"}],"about":[{"href":"https:\/\/obitelj-vn.org\/index.php?rest_route=\/wp\/v2\/types\/post"}],"author":[{"embeddable":true,"href":"https:\/\/obitelj-vn.org\/index.php?rest_route=\/wp\/v2\/users\/1"}],"replies":[{"embeddable":true,"href":"https:\/\/obitelj-vn.org\/index.php?rest_route=%2Fwp%2Fv2%2Fcomments&post=3415"}],"version-history":[{"count":2,"href":"https:\/\/obitelj-vn.org\/index.php?rest_route=\/wp\/v2\/posts\/3415\/revisions"}],"predecessor-version":[{"id":3418,"href":"https:\/\/obitelj-vn.org\/index.php?rest_route=\/wp\/v2\/posts\/3415\/revisions\/3418"}],"wp:featuredmedia":[{"embeddable":true,"href":"https:\/\/obitelj-vn.org\/index.php?rest_route=\/wp\/v2\/media\/3417"}],"wp:attachment":[{"href":"https:\/\/obitelj-vn.org\/index.php?rest_route=%2Fwp%2Fv2%2Fmedia&parent=3415"}],"wp:term":[{"taxonomy":"category","embeddable":true,"href":"https:\/\/obitelj-vn.org\/index.php?rest_route=%2Fwp%2Fv2%2Fcategories&post=3415"},{"taxonomy":"post_tag","embeddable":true,"href":"https:\/\/obitelj-vn.org\/index.php?rest_route=%2Fwp%2Fv2%2Ftags&post=3415"}],"curies":[{"name":"wp","href":"https:\/\/api.w.org\/{rel}","templated":true}]}}