{"id":3298,"date":"2022-02-26T19:40:49","date_gmt":"2022-02-26T19:40:49","guid":{"rendered":"https:\/\/obitelj-vn.org\/?p=3298"},"modified":"2022-03-03T19:41:11","modified_gmt":"2022-03-03T19:41:11","slug":"zapoceo-sesti-ciklus-tecaja-priprave-za-brak-u-vrhbosanskoj-nadbiskupiji","status":"publish","type":"post","link":"https:\/\/obitelj-vn.org\/?p=3298","title":{"rendered":"Zapo\u010deo \u0161esti ciklus te\u010daja priprave za brak u Vrhbosanskoj nadbiskupiji"},"content":{"rendered":"<p style=\"text-align: justify;\">U subotu 26. velja\u010de 2022. godine uprili\u010den je prvi ovogodi\u0161nji cjelodnevni te\u010daj priprave za sakramentalni brak u Ramskom dekanatu.<\/p>\n<p style=\"text-align: justify;\">Te\u010daj je organizirao Ured za brak i obitelj i Centar za savjetovanje Vrhbosanske nadbiskupije u suradnji s dekanom Ramskog dekanata pre\u010d. Markom Tomi\u0107em. Doma\u0107in te\u010daja u Gra\u010dacu bio je \u017eupnik vjerni\u010dke zajednice Sv. Ante Padovanskog fra Anto Cvitkovi\u0107 i kapelan fra Velimir Bandalo. Sudjelovalo je 58 osoba, ve\u0107inom iz Ramskog, a bilo je zaru\u010dnika iz drugih dekanata i susjedne Republike Hrvatske.<\/p>\n<p style=\"text-align: justify;\">Na po\u010detku je pre\u010d. Tomi\u0107 pozdravio sudionike i predava\u010de, a potom je uslijedila pozdravna rije\u010d \u017eupnika fra Ante.<\/p>\n<p style=\"text-align: justify;\">Potom su obra\u0111ene \u010detiri tematske jedinice iz teolo\u0161ko-biblijske, psiholo\u0161ko-pedago\u0161ke, medicinske te pravno-moralne perspektive. Predava\u010di su bili: pater Ante Topi\u0107 SJ, dipl. psih. Stanislav Stijepi\u0107, dr. med Sabina Ma\u0111ar-Stijepi\u0107 i dr. sc. fra \u0160imo Ivelj, crkveni pravnik.<\/p>\n<p style=\"text-align: justify;\">Na kraju je sprovedena anketa u kojoj su mladi u visokom postotku izrazili korisnost te\u010daja te izrazili \u017eelju za sudjelovanjem na drugim seminarima koji bi se bavili obiteljskim temama.<\/p>\n<p style=\"text-align: right;\">M. J.<\/p>\n<p style=\"text-align: right;\">Foto: Mladen Topi\u0107\/Ramski Vjesnik.<\/p>\n<div id=\"grid-gallery-68-25141\" data-gg-id=\"68\" data-title=\"Zapoceo sesti ciklus tecaja priprave za brak u Vrhbosanskoj nadbiskupiji a\" data-grid-type=\"2\" data-offset=\"5.3\" data-area-position=\"center\" data-icons=\"\" data-preloader=\"true\" data-width=\"auto\" data-height=\"215\" data-padding=\"0\" data-quicksand=\"disabled\" data-quicksand-duration=\"1800\" data-popup-theme=\"theme_6\" data-popup-type=\"pretty-photo\" data-popup-image-text=\"data-description\" data-popup-widthsize=\"auto\" data-popup-heightsize=\"auto\" data-popup-i18n-words=\"{&quot;close&quot;:&quot;close&quot;,&quot;next&quot;:&quot;next&quot;,&quot;previous&quot;:&quot;previous&quot;,&quot;start_slideshow&quot;:&quot;start slideshow&quot;,&quot;stop_slideshow&quot;:&quot;stop slideshow&quot;,&quot;image&quot;:&quot;image&quot;,&quot;of&quot;:&quot;of&quot;,&quot;prev&quot;:&quot;prev&quot;,&quot;cExpand&quot;:&quot;Expand&quot;,&quot;cPrevious&quot;:&quot;Previous&quot;,&quot;cNext&quot;:&quot;Next&quot;,&quot;cExpandStr&quot;:&quot;Expand the image&quot;,&quot;cRotate&quot;:&quot;Rotate&quot;,&quot;cDetails&quot;:&quot;Details&quot;}\" data-popup-slideshow=\"false\" data-popup-slideshow-speed=\"2500\" data-popup-hoverstop=\"true\" data-popup-slideshow-auto=\"false\" data-popup-background=\"\" data-popup-transparency=\"30\" data-popup-disable-history=\"\" data-popup-disable-changed-url=\"\" data-popup-border-type=\"\" data-popup-border-color=\"\" data-popup-border-width=\"\" data-popup-border-enable=\"\" data-fullscreen=\"false\" data-hide-tooltip=\"false\" data-caption-font-family=\"Default\" data-caption-text-size=\"140\" data-is-mobile=\"0\" data-caption-mobile=\"false\" data-hide-long-tltp-title=\"0\" data-caption-disabled-on-mobile=\"false\" data-popup-placement-type=\"0\" data-social-sharing=\"{&quot;enabled&quot;:&quot;&quot;,&quot;gallerySharing&quot;:{&quot;enabled&quot;:null,&quot;position&quot;:null},&quot;imageSharing&quot;:{&quot;enabled&quot;:null,&quot;wrapperClass&quot;:&quot; vertical &quot;},&quot;popupSharing&quot;:{&quot;enabled&quot;:null,&quot;wrapperClass&quot;:&quot; vertical &quot;}}\" class=\"grid-gallery grid-gallery-fixed \" style=\" width:100%; height:auto; margin-left:auto; margin-right:auto;position:relative;\"> <div class=\"gallery-loading\"> <div class=\"blocks\"> <div class=\"block\"><\/div> <div class=\"block\"><\/div> <div class=\"block\"><\/div> <div class=\"block\"><\/div> <\/div> <\/div> <div class=\"gallery-sharing-top\" style=\"display:none;\"> <\/div> <div id=\"photos-68\" class=\"grid-gallery-photos\"><FIGURE class=\"grid-gallery-caption\" data-grid-gallery-type=\"quarter-two-step\" data-index=\"0\" style=\"display:none;border-radius:200;; margin:2.65px; height:2150; width:auto;\" ><div class=\"crop\" style=\"\"><img decoding=\"async\" src=\"https:\/\/obitelj-vn.org\/wp-content\/uploads\/2022\/03\/DSC_0819-322x215.jpg\" class=\"ggImg ggNotInitImg\" alt=\"DSC_0819\" title=\"DSC_0819\" data-description=\"DSC_0819\" data-caption=\"DSC_0819\" data-title=\"DSC_0819\" style=\" height:215px; width:auto;\" \/><\/div><FIGCAPTION class=\"\" data-alpha=\"5\" style=\"color:#ffffff; background-color:#0c0000; font-size:140; text-align:2; font-family:Default;\" ><div class=\"grid-gallery-figcaption-wrap\" style=\"\"><\/div><\/FIGCAPTION><\/FIGURE><FIGURE class=\"grid-gallery-caption\" data-grid-gallery-type=\"quarter-two-step\" data-index=\"1\" style=\"display:none;border-radius:200;; margin:2.65px; height:2150; width:auto;\" ><div class=\"crop\" style=\"\"><img decoding=\"async\" src=\"https:\/\/obitelj-vn.org\/wp-content\/uploads\/2022\/03\/DSC_0820-322x215.jpg\" class=\"ggImg ggNotInitImg\" alt=\"DSC_0820\" title=\"DSC_0820\" data-description=\"DSC_0820\" data-caption=\"DSC_0820\" data-title=\"DSC_0820\" style=\" height:215px; width:auto;\" \/><\/div><FIGCAPTION class=\"\" data-alpha=\"5\" style=\"color:#ffffff; background-color:#0c0000; font-size:140; text-align:2; font-family:Default;\" ><div class=\"grid-gallery-figcaption-wrap\" style=\"\"><\/div><\/FIGCAPTION><\/FIGURE><FIGURE class=\"grid-gallery-caption\" data-grid-gallery-type=\"quarter-two-step\" data-index=\"2\" style=\"display:none;border-radius:200;; margin:2.65px; height:2150; width:auto;\" ><div class=\"crop\" style=\"\"><img decoding=\"async\" src=\"https:\/\/obitelj-vn.org\/wp-content\/uploads\/2022\/03\/DSC_0821-322x215.jpg\" class=\"ggImg ggNotInitImg\" alt=\"DSC_0821\" title=\"DSC_0821\" data-description=\"DSC_0821\" data-caption=\"DSC_0821\" data-title=\"DSC_0821\" style=\" height:215px; width:auto;\" \/><\/div><FIGCAPTION class=\"\" data-alpha=\"5\" style=\"color:#ffffff; background-color:#0c0000; font-size:140; text-align:2; font-family:Default;\" ><div class=\"grid-gallery-figcaption-wrap\" style=\"\"><\/div><\/FIGCAPTION><\/FIGURE><FIGURE class=\"grid-gallery-caption\" data-grid-gallery-type=\"quarter-two-step\" data-index=\"3\" style=\"display:none;border-radius:200;; margin:2.65px; height:2150; width:auto;\" ><div class=\"crop\" style=\"\"><img decoding=\"async\" src=\"https:\/\/obitelj-vn.org\/wp-content\/uploads\/2022\/03\/DSC_0823-322x215.jpg\" class=\"ggImg ggNotInitImg\" alt=\"DSC_0823\" title=\"DSC_0823\" data-description=\"DSC_0823\" data-caption=\"DSC_0823\" data-title=\"DSC_0823\" style=\" height:215px; width:auto;\" \/><\/div><FIGCAPTION class=\"\" data-alpha=\"5\" style=\"color:#ffffff; background-color:#0c0000; font-size:140; text-align:2; font-family:Default;\" ><div class=\"grid-gallery-figcaption-wrap\" style=\"\"><\/div><\/FIGCAPTION><\/FIGURE><FIGURE class=\"grid-gallery-caption\" data-grid-gallery-type=\"quarter-two-step\" data-index=\"4\" style=\"display:none;border-radius:200;; margin:2.65px; height:2150; width:auto;\" ><div class=\"crop\" style=\"\"><img decoding=\"async\" src=\"https:\/\/obitelj-vn.org\/wp-content\/uploads\/2022\/03\/DSC_0826-143x215.jpg\" class=\"ggImg ggNotInitImg\" alt=\"DSC_0826\" title=\"DSC_0826\" data-description=\"DSC_0826\" data-caption=\"DSC_0826\" data-title=\"DSC_0826\" style=\" height:215px; width:auto;\" \/><\/div><FIGCAPTION class=\"\" data-alpha=\"5\" style=\"color:#ffffff; background-color:#0c0000; font-size:140; text-align:2; font-family:Default;\" ><div class=\"grid-gallery-figcaption-wrap\" style=\"\"><\/div><\/FIGCAPTION><\/FIGURE><FIGURE class=\"grid-gallery-caption\" data-grid-gallery-type=\"quarter-two-step\" data-index=\"5\" style=\"display:none;border-radius:200;; margin:2.65px; height:2150; width:auto;\" ><div class=\"crop\" style=\"\"><img decoding=\"async\" src=\"https:\/\/obitelj-vn.org\/wp-content\/uploads\/2022\/03\/DSC_0833-325x215.jpg\" class=\"ggImg ggNotInitImg\" alt=\"DSC_0833\" title=\"DSC_0833\" data-description=\"DSC_0833\" data-caption=\"DSC_0833\" data-title=\"DSC_0833\" style=\" height:215px; width:auto;\" \/><\/div><FIGCAPTION class=\"\" data-alpha=\"5\" style=\"color:#ffffff; background-color:#0c0000; font-size:140; text-align:2; font-family:Default;\" ><div class=\"grid-gallery-figcaption-wrap\" style=\"\"><\/div><\/FIGCAPTION><\/FIGURE><FIGURE class=\"grid-gallery-caption\" data-grid-gallery-type=\"quarter-two-step\" data-index=\"6\" style=\"display:none;border-radius:200;; margin:2.65px; height:2150; width:auto;\" ><div class=\"crop\" style=\"\"><img decoding=\"async\" src=\"https:\/\/obitelj-vn.org\/wp-content\/uploads\/2022\/03\/DSC_0860-322x215.jpg\" class=\"ggImg ggNotInitImg\" alt=\"DSC_0860\" title=\"DSC_0860\" data-description=\"DSC_0860\" data-caption=\"DSC_0860\" data-title=\"DSC_0860\" style=\" height:215px; width:auto;\" \/><\/div><FIGCAPTION class=\"\" data-alpha=\"5\" style=\"color:#ffffff; background-color:#0c0000; font-size:140; text-align:2; font-family:Default;\" ><div class=\"grid-gallery-figcaption-wrap\" style=\"\"><\/div><\/FIGCAPTION><\/FIGURE><FIGURE class=\"grid-gallery-caption\" data-grid-gallery-type=\"quarter-two-step\" data-index=\"7\" style=\"display:none;border-radius:200;; margin:2.65px; height:2150; width:auto;\" ><div class=\"crop\" style=\"\"><img decoding=\"async\" src=\"https:\/\/obitelj-vn.org\/wp-content\/uploads\/2022\/03\/DSC_0861-330x215.jpg\" class=\"ggImg ggNotInitImg\" alt=\"DSC_0861\" title=\"DSC_0861\" data-description=\"DSC_0861\" data-caption=\"DSC_0861\" data-title=\"DSC_0861\" style=\" height:215px; width:auto;\" \/><\/div><FIGCAPTION class=\"\" data-alpha=\"5\" style=\"color:#ffffff; background-color:#0c0000; font-size:140; text-align:2; font-family:Default;\" ><div class=\"grid-gallery-figcaption-wrap\" style=\"\"><\/div><\/FIGCAPTION><\/FIGURE><FIGURE class=\"grid-gallery-caption\" data-grid-gallery-type=\"quarter-two-step\" data-index=\"8\" style=\"display:none;border-radius:200;; margin:2.65px; height:2150; width:auto;\" ><div class=\"crop\" style=\"\"><img decoding=\"async\" src=\"https:\/\/obitelj-vn.org\/wp-content\/uploads\/2022\/03\/DSC_0865-322x215.jpg\" class=\"ggImg ggNotInitImg\" alt=\"DSC_0865\" title=\"DSC_0865\" data-description=\"DSC_0865\" data-caption=\"DSC_0865\" data-title=\"DSC_0865\" style=\" height:215px; width:auto;\" \/><\/div><FIGCAPTION class=\"\" data-alpha=\"5\" style=\"color:#ffffff; background-color:#0c0000; font-size:140; text-align:2; font-family:Default;\" ><div class=\"grid-gallery-figcaption-wrap\" style=\"\"><\/div><\/FIGCAPTION><\/FIGURE> <div class=\"grid-gallery-clearfix\"><\/div> <\/div> <div class=\"gallery-sharing-bottom\" style=\"display:none;\"> <\/div> <div class=\"gallery-sharing-image\" style=\"display:none;\"> <\/div> <div class=\"gallery-sharing-popup\" style=\"display:none;\"> <\/div> <div class=\"grid-gallery-clearfix\"><\/div> <\/div> <!-- Gallery by Supsystic plugin1.16.0 --><a title=\"WordPress Image Gallery Plugin\" style=\"display:none;\" href=\"https:\/\/supsystic.com\/plugins\/photo-gallery\/?utm_medium=love_link\" target=\"_blank\">WordPress Image Gallery Plugin<\/a>\n","protected":false},"excerpt":{"rendered":"<p>U subotu 26. velja\u010de 2022. godine uprili\u010den je prvi ovogodi\u0161nji cjelodnevni te\u010daj priprave za sakramentalni brak u Ramskom dekanatu. Te\u010daj je organizirao Ured za brak i obitelj i Centar za savjetovanje Vrhbosanske nadbiskupije u suradnji s dekanom Ramskog dekanata pre\u010d. Markom Tomi\u0107em. Doma\u0107in te\u010daja u Gra\u010dacu bio je \u017eupnik vjerni\u010dke zajednice Sv. Ante Padovanskog fra Anto Cvitkovi\u0107 i kapelan fra Velimir Bandalo. Sudjelovalo je 58 osoba, ve\u0107inom iz Ramskog, a bilo je zaru\u010dnika iz drugih dekanata i susjedne Republike Hrvatske. Na po\u010detku je pre\u010d. Tomi\u0107 pozdravio sudionike i predava\u010de, a&#8230; <\/p>\n","protected":false},"author":1,"featured_media":0,"comment_status":"closed","ping_status":"closed","sticky":false,"template":"","format":"standard","meta":{"footnotes":""},"categories":[5,43,51],"tags":[],"class_list":["post-3298","post","type-post","status-publish","format-standard","hentry","category-dogadanja","category-ramski-dekanat","category-tecaj-priprave-za-brak"],"_links":{"self":[{"href":"https:\/\/obitelj-vn.org\/index.php?rest_route=\/wp\/v2\/posts\/3298","targetHints":{"allow":["GET"]}}],"collection":[{"href":"https:\/\/obitelj-vn.org\/index.php?rest_route=\/wp\/v2\/posts"}],"about":[{"href":"https:\/\/obitelj-vn.org\/index.php?rest_route=\/wp\/v2\/types\/post"}],"author":[{"embeddable":true,"href":"https:\/\/obitelj-vn.org\/index.php?rest_route=\/wp\/v2\/users\/1"}],"replies":[{"embeddable":true,"href":"https:\/\/obitelj-vn.org\/index.php?rest_route=%2Fwp%2Fv2%2Fcomments&post=3298"}],"version-history":[{"count":1,"href":"https:\/\/obitelj-vn.org\/index.php?rest_route=\/wp\/v2\/posts\/3298\/revisions"}],"predecessor-version":[{"id":3299,"href":"https:\/\/obitelj-vn.org\/index.php?rest_route=\/wp\/v2\/posts\/3298\/revisions\/3299"}],"wp:attachment":[{"href":"https:\/\/obitelj-vn.org\/index.php?rest_route=%2Fwp%2Fv2%2Fmedia&parent=3298"}],"wp:term":[{"taxonomy":"category","embeddable":true,"href":"https:\/\/obitelj-vn.org\/index.php?rest_route=%2Fwp%2Fv2%2Fcategories&post=3298"},{"taxonomy":"post_tag","embeddable":true,"href":"https:\/\/obitelj-vn.org\/index.php?rest_route=%2Fwp%2Fv2%2Ftags&post=3298"}],"curies":[{"name":"wp","href":"https:\/\/api.w.org\/{rel}","templated":true}]}}