{"id":3191,"date":"2021-03-13T18:53:36","date_gmt":"2021-03-13T18:53:36","guid":{"rendered":"https:\/\/obitelj-vn.org\/?p=3191"},"modified":"2021-05-07T14:18:52","modified_gmt":"2021-05-07T14:18:52","slug":"tecaj-za-brak-u-samackom-dekanatu","status":"publish","type":"post","link":"https:\/\/obitelj-vn.org\/?p=3191","title":{"rendered":"Te\u010daj za brak u \u0160ama\u010dkom dekanatu"},"content":{"rendered":"<p>Te\u010daj je organizirao Ured za brak i obitelj i Centar za savjetovanje Vrhbosanske nadbiskupije u suradnji s dekanom <strong>pre\u010d. fra Antom Pu\u0161elji\u0107em<\/strong>. Sudjelovalo je oko 80 osoba, ve\u0107inom iz \u017eupa koje pripadaju \u0160ama\u010dkom dekanatu.<\/p>\n<p style=\"text-align: justify;\">Na po\u010detku zaru\u010dnike su pozdravili dekan fra Anto i gvardijan <strong>fra Mario Juri\u0107<\/strong>. Potom su obra\u0111ene \u010detiri tematske jedinice iz teolo\u0161ko-biblijske, psiholo\u0161ko-pedago\u0161ke, medicinske te pravno-moralne perspektive. Predavanja je odr\u017eao stru\u010dni tim Ureda za brak i obitelj Vrhbosanske nadbiskupije.<\/p>\n<p style=\"text-align: right;\">\u017d.I., KT<\/p>\n","protected":false},"excerpt":{"rendered":"<p>Te\u010daj je organizirao Ured za brak i obitelj i Centar za savjetovanje Vrhbosanske nadbiskupije u suradnji s dekanom pre\u010d. fra Antom Pu\u0161elji\u0107em. Sudjelovalo je oko 80 osoba, ve\u0107inom iz \u017eupa koje pripadaju \u0160ama\u010dkom dekanatu. Na po\u010detku zaru\u010dnike su pozdravili dekan fra Anto i gvardijan fra Mario Juri\u0107. Potom su obra\u0111ene \u010detiri tematske jedinice iz teolo\u0161ko-biblijske, psiholo\u0161ko-pedago\u0161ke, medicinske te pravno-moralne perspektive. Predavanja je odr\u017eao stru\u010dni tim Ureda za brak i obitelj Vrhbosanske nadbiskupije. \u017d.I., KT<\/p>\n","protected":false},"author":1,"featured_media":3192,"comment_status":"closed","ping_status":"closed","sticky":false,"template":"","format":"standard","meta":{"footnotes":""},"categories":[5,53,51],"tags":[],"class_list":["post-3191","post","type-post","status-publish","format-standard","has-post-thumbnail","hentry","category-dogadanja","category-samacki-dekanat","category-tecaj-priprave-za-brak"],"_links":{"self":[{"href":"https:\/\/obitelj-vn.org\/index.php?rest_route=\/wp\/v2\/posts\/3191","targetHints":{"allow":["GET"]}}],"collection":[{"href":"https:\/\/obitelj-vn.org\/index.php?rest_route=\/wp\/v2\/posts"}],"about":[{"href":"https:\/\/obitelj-vn.org\/index.php?rest_route=\/wp\/v2\/types\/post"}],"author":[{"embeddable":true,"href":"https:\/\/obitelj-vn.org\/index.php?rest_route=\/wp\/v2\/users\/1"}],"replies":[{"embeddable":true,"href":"https:\/\/obitelj-vn.org\/index.php?rest_route=%2Fwp%2Fv2%2Fcomments&post=3191"}],"version-history":[{"count":7,"href":"https:\/\/obitelj-vn.org\/index.php?rest_route=\/wp\/v2\/posts\/3191\/revisions"}],"predecessor-version":[{"id":3231,"href":"https:\/\/obitelj-vn.org\/index.php?rest_route=\/wp\/v2\/posts\/3191\/revisions\/3231"}],"wp:featuredmedia":[{"embeddable":true,"href":"https:\/\/obitelj-vn.org\/index.php?rest_route=\/wp\/v2\/media\/3192"}],"wp:attachment":[{"href":"https:\/\/obitelj-vn.org\/index.php?rest_route=%2Fwp%2Fv2%2Fmedia&parent=3191"}],"wp:term":[{"taxonomy":"category","embeddable":true,"href":"https:\/\/obitelj-vn.org\/index.php?rest_route=%2Fwp%2Fv2%2Fcategories&post=3191"},{"taxonomy":"post_tag","embeddable":true,"href":"https:\/\/obitelj-vn.org\/index.php?rest_route=%2Fwp%2Fv2%2Ftags&post=3191"}],"curies":[{"name":"wp","href":"https:\/\/api.w.org\/{rel}","templated":true}]}}