{"id":3188,"date":"2021-03-20T18:46:43","date_gmt":"2021-03-20T18:46:43","guid":{"rendered":"https:\/\/obitelj-vn.org\/?p=3188"},"modified":"2021-05-07T14:15:51","modified_gmt":"2021-05-07T14:15:51","slug":"tecaj-priprave-za-brak-u-bugojanskom-dekanatu-3","status":"publish","type":"post","link":"https:\/\/obitelj-vn.org\/?p=3188","title":{"rendered":"Te\u010daj priprave za brak u Bugojanskom dekanatu"},"content":{"rendered":"<p>U Bugojanskom dekanatu uprili\u010den je \u0161esti te\u010daj priprave za sakramentalni brak kojeg je organizirao Ured za brak i obitelj Vrhbosanske nadbiskupije i Centar za savjetovanje VN u suradnji s <strong>vl\u010d. Ilijom Ivo\u0161em<\/strong>, dekanom i \u017eupnikom \u017eupe Srca Marijina u Skopaljskoj Gra\u010danici.<\/p>\n<p>Na po\u010detku te\u010daja nazo\u010dne je pozdravio dekan vl\u010d. Ivo\u0161 i po\u017eelio plodan rad, a potom su uslijedila predavanja.<\/p>\n<p>Na te\u010daju je sudjelovalo 25 osoba uglavnom iz okolnih \u017eupa.<\/p>\n<p style=\"text-align: right;\"><strong>T.M.I., KT<\/strong><\/p>\n","protected":false},"excerpt":{"rendered":"<p>U Bugojanskom dekanatu uprili\u010den je \u0161esti te\u010daj priprave za sakramentalni brak kojeg je organizirao Ured za brak i obitelj Vrhbosanske nadbiskupije i Centar za savjetovanje VN u suradnji s vl\u010d. Ilijom Ivo\u0161em, dekanom i \u017eupnikom \u017eupe Srca Marijina u Skopaljskoj Gra\u010danici. Na po\u010detku te\u010daja nazo\u010dne je pozdravio dekan vl\u010d. Ivo\u0161 i po\u017eelio plodan rad, a potom su uslijedila predavanja. Na te\u010daju je sudjelovalo 25 osoba uglavnom iz okolnih \u017eupa. T.M.I., KT<\/p>\n","protected":false},"author":1,"featured_media":3189,"comment_status":"closed","ping_status":"closed","sticky":false,"template":"","format":"standard","meta":{"footnotes":""},"categories":[52,5,51],"tags":[],"class_list":["post-3188","post","type-post","status-publish","format-standard","has-post-thumbnail","hentry","category-bugojanski-dekanat","category-dogadanja","category-tecaj-priprave-za-brak"],"_links":{"self":[{"href":"https:\/\/obitelj-vn.org\/index.php?rest_route=\/wp\/v2\/posts\/3188","targetHints":{"allow":["GET"]}}],"collection":[{"href":"https:\/\/obitelj-vn.org\/index.php?rest_route=\/wp\/v2\/posts"}],"about":[{"href":"https:\/\/obitelj-vn.org\/index.php?rest_route=\/wp\/v2\/types\/post"}],"author":[{"embeddable":true,"href":"https:\/\/obitelj-vn.org\/index.php?rest_route=\/wp\/v2\/users\/1"}],"replies":[{"embeddable":true,"href":"https:\/\/obitelj-vn.org\/index.php?rest_route=%2Fwp%2Fv2%2Fcomments&post=3188"}],"version-history":[{"count":5,"href":"https:\/\/obitelj-vn.org\/index.php?rest_route=\/wp\/v2\/posts\/3188\/revisions"}],"predecessor-version":[{"id":3230,"href":"https:\/\/obitelj-vn.org\/index.php?rest_route=\/wp\/v2\/posts\/3188\/revisions\/3230"}],"wp:featuredmedia":[{"embeddable":true,"href":"https:\/\/obitelj-vn.org\/index.php?rest_route=\/wp\/v2\/media\/3189"}],"wp:attachment":[{"href":"https:\/\/obitelj-vn.org\/index.php?rest_route=%2Fwp%2Fv2%2Fmedia&parent=3188"}],"wp:term":[{"taxonomy":"category","embeddable":true,"href":"https:\/\/obitelj-vn.org\/index.php?rest_route=%2Fwp%2Fv2%2Fcategories&post=3188"},{"taxonomy":"post_tag","embeddable":true,"href":"https:\/\/obitelj-vn.org\/index.php?rest_route=%2Fwp%2Fv2%2Ftags&post=3188"}],"curies":[{"name":"wp","href":"https:\/\/api.w.org\/{rel}","templated":true}]}}