{"id":3185,"date":"2021-03-06T18:44:06","date_gmt":"2021-03-06T18:44:06","guid":{"rendered":"https:\/\/obitelj-vn.org\/?p=3185"},"modified":"2021-05-07T14:19:48","modified_gmt":"2021-05-07T14:19:48","slug":"tecaj-priprave-za-brak-u-zepackom-dekanatu-2021","status":"publish","type":"post","link":"https:\/\/obitelj-vn.org\/?p=3185","title":{"rendered":"Te\u010daj priprave za brak u \u017depa\u010dkom dekanatu 2021."},"content":{"rendered":"<p style=\"text-align: justify;\">Prema ustaljenoj praksi, te\u010daj su organizirali Ured za brak i obitelj i Centar za savjetovanje Vrhbosanske nadbiskupije u suradnji sa \u017eepa\u010dkim dekanom i \u017eupnikom \u017eupe Sv. Ante Padovanskog u \u017dep\u010du <strong>pre\u010d. Predragom Stoj\u010devi\u0107em<\/strong>.<\/p>\n<p style=\"text-align: justify;\">Na te\u010daju su sudjelovale 33 osobe uglavnom iz \u017dep\u010da i okolnih \u017eupa. Obra\u0111ene su \u010detiri tematske jedinice iz teolo\u0161ko-biblijske, psiholo\u0161ko-pedago\u0161ke, medicinske te pravno-moralne perspektive.<\/p>\n<p style=\"text-align: justify;\">Te\u010daj je zavr\u0161en podjelom certifikata zaru\u010dnicima.<\/p>\n<p style=\"text-align: justify;\"><strong>J.P., KT<\/strong><\/p>\n","protected":false},"excerpt":{"rendered":"<p>Prema ustaljenoj praksi, te\u010daj su organizirali Ured za brak i obitelj i Centar za savjetovanje Vrhbosanske nadbiskupije u suradnji sa \u017eepa\u010dkim dekanom i \u017eupnikom \u017eupe Sv. Ante Padovanskog u \u017dep\u010du pre\u010d. Predragom Stoj\u010devi\u0107em. Na te\u010daju su sudjelovale 33 osobe uglavnom iz \u017dep\u010da i okolnih \u017eupa. Obra\u0111ene su \u010detiri tematske jedinice iz teolo\u0161ko-biblijske, psiholo\u0161ko-pedago\u0161ke, medicinske te pravno-moralne perspektive. Te\u010daj je zavr\u0161en podjelom certifikata zaru\u010dnicima. J.P., KT<\/p>\n","protected":false},"author":1,"featured_media":3186,"comment_status":"closed","ping_status":"closed","sticky":false,"template":"","format":"standard","meta":{"footnotes":""},"categories":[5,51,65],"tags":[],"class_list":["post-3185","post","type-post","status-publish","format-standard","has-post-thumbnail","hentry","category-dogadanja","category-tecaj-priprave-za-brak","category-zepacki-dekanat"],"_links":{"self":[{"href":"https:\/\/obitelj-vn.org\/index.php?rest_route=\/wp\/v2\/posts\/3185","targetHints":{"allow":["GET"]}}],"collection":[{"href":"https:\/\/obitelj-vn.org\/index.php?rest_route=\/wp\/v2\/posts"}],"about":[{"href":"https:\/\/obitelj-vn.org\/index.php?rest_route=\/wp\/v2\/types\/post"}],"author":[{"embeddable":true,"href":"https:\/\/obitelj-vn.org\/index.php?rest_route=\/wp\/v2\/users\/1"}],"replies":[{"embeddable":true,"href":"https:\/\/obitelj-vn.org\/index.php?rest_route=%2Fwp%2Fv2%2Fcomments&post=3185"}],"version-history":[{"count":7,"href":"https:\/\/obitelj-vn.org\/index.php?rest_route=\/wp\/v2\/posts\/3185\/revisions"}],"predecessor-version":[{"id":3232,"href":"https:\/\/obitelj-vn.org\/index.php?rest_route=\/wp\/v2\/posts\/3185\/revisions\/3232"}],"wp:featuredmedia":[{"embeddable":true,"href":"https:\/\/obitelj-vn.org\/index.php?rest_route=\/wp\/v2\/media\/3186"}],"wp:attachment":[{"href":"https:\/\/obitelj-vn.org\/index.php?rest_route=%2Fwp%2Fv2%2Fmedia&parent=3185"}],"wp:term":[{"taxonomy":"category","embeddable":true,"href":"https:\/\/obitelj-vn.org\/index.php?rest_route=%2Fwp%2Fv2%2Fcategories&post=3185"},{"taxonomy":"post_tag","embeddable":true,"href":"https:\/\/obitelj-vn.org\/index.php?rest_route=%2Fwp%2Fv2%2Ftags&post=3185"}],"curies":[{"name":"wp","href":"https:\/\/api.w.org\/{rel}","templated":true}]}}