{"id":3101,"date":"2020-05-22T12:25:41","date_gmt":"2020-05-22T12:25:41","guid":{"rendered":"https:\/\/obitelj-vn.org\/?p=3101"},"modified":"2020-05-22T12:29:28","modified_gmt":"2020-05-22T12:29:28","slug":"tecaj-priprave-za-sakramentalni-brak-zepce","status":"publish","type":"post","link":"https:\/\/obitelj-vn.org\/?p=3101","title":{"rendered":"ZBOG PANDEMIJE KORONAVIRUSA OTKAZAN TE\u010cAJ PRIPRAVE ZA BRAK U \u017dEPA\u010cKOM DEKANATU"},"content":{"rendered":"<p>U skladu s aktualnim doga\u0111anjima zbog pandemije koronavirusa Federalna vlada donijela je odluku o progla\u0161enju nesre\u0107e uzrokovane pojavom novog soja koronavirusa (COVID 19) na podru\u010dju Federacije. Restriktivne mjere zbog stanja nesre\u0107e uklju\u010duju zabrane javnih okupljanja u zatvorenom prostoru, te se stoga otkazuje te\u010daj priprave za sakramentalni brak koji se trebao odr\u017eati 23. svibnja u \u017dep\u010du.<\/p>\n<p>Nakon stabilizacije stanja bit \u0107e odre\u0111en novi termin, a isti \u0107e biti objavljen dekanatima\/\u017eupama Vrhbosanske nadbiskupije te na mre\u017enoj stranici obitelj-vn.org, stoji u priop\u0107enju Ureda za brak i obitelj Vrhbosanske nadbiskupije.<\/p>\n","protected":false},"excerpt":{"rendered":"<p>U skladu s aktualnim doga\u0111anjima zbog pandemije koronavirusa Federalna vlada donijela je odluku o progla\u0161enju nesre\u0107e uzrokovane pojavom novog soja koronavirusa (COVID 19) na podru\u010dju Federacije. Restriktivne mjere zbog stanja nesre\u0107e uklju\u010duju zabrane javnih okupljanja u zatvorenom prostoru, te se stoga otkazuje te\u010daj priprave za sakramentalni brak koji se trebao odr\u017eati 23. svibnja u \u017dep\u010du. Nakon stabilizacije stanja bit \u0107e odre\u0111en novi termin, a isti \u0107e biti objavljen dekanatima\/\u017eupama Vrhbosanske nadbiskupije te na mre\u017enoj stranici obitelj-vn.org, stoji u priop\u0107enju Ureda za brak i obitelj Vrhbosanske nadbiskupije.<\/p>\n","protected":false},"author":1,"featured_media":0,"comment_status":"closed","ping_status":"closed","sticky":false,"template":"","format":"standard","meta":{"footnotes":""},"categories":[68],"tags":[],"class_list":["post-3101","post","type-post","status-publish","format-standard","hentry","category-korona-virus"],"_links":{"self":[{"href":"https:\/\/obitelj-vn.org\/index.php?rest_route=\/wp\/v2\/posts\/3101","targetHints":{"allow":["GET"]}}],"collection":[{"href":"https:\/\/obitelj-vn.org\/index.php?rest_route=\/wp\/v2\/posts"}],"about":[{"href":"https:\/\/obitelj-vn.org\/index.php?rest_route=\/wp\/v2\/types\/post"}],"author":[{"embeddable":true,"href":"https:\/\/obitelj-vn.org\/index.php?rest_route=\/wp\/v2\/users\/1"}],"replies":[{"embeddable":true,"href":"https:\/\/obitelj-vn.org\/index.php?rest_route=%2Fwp%2Fv2%2Fcomments&post=3101"}],"version-history":[{"count":3,"href":"https:\/\/obitelj-vn.org\/index.php?rest_route=\/wp\/v2\/posts\/3101\/revisions"}],"predecessor-version":[{"id":3104,"href":"https:\/\/obitelj-vn.org\/index.php?rest_route=\/wp\/v2\/posts\/3101\/revisions\/3104"}],"wp:attachment":[{"href":"https:\/\/obitelj-vn.org\/index.php?rest_route=%2Fwp%2Fv2%2Fmedia&parent=3101"}],"wp:term":[{"taxonomy":"category","embeddable":true,"href":"https:\/\/obitelj-vn.org\/index.php?rest_route=%2Fwp%2Fv2%2Fcategories&post=3101"},{"taxonomy":"post_tag","embeddable":true,"href":"https:\/\/obitelj-vn.org\/index.php?rest_route=%2Fwp%2Fv2%2Ftags&post=3101"}],"curies":[{"name":"wp","href":"https:\/\/api.w.org\/{rel}","templated":true}]}}