{"id":2997,"date":"2019-10-22T19:50:45","date_gmt":"2019-10-22T19:50:45","guid":{"rendered":"https:\/\/obitelj-vn.org\/?p=2997"},"modified":"2019-10-27T19:56:16","modified_gmt":"2019-10-27T19:56:16","slug":"strucni-seminar-o-odgovornom-roditeljstvu-odrzan-u-vrticu-don-ivica-condric-u-zepcu","status":"publish","type":"post","link":"https:\/\/obitelj-vn.org\/?p=2997","title":{"rendered":"Stru\u010dni seminar o odgovornom roditeljstvu odr\u017ean u vrti\u0107u \u201eDon Ivica \u010condri\u0107\u201c u \u017dep\u010du"},"content":{"rendered":"<p style=\"text-align: justify; line-height: 15.0pt; background: white; margin: 7.5pt 0cm 15.0pt 0cm;\"><span lang=\"BS-LATN-BA\" style=\"color: #5a5b5b;\"><img loading=\"lazy\" decoding=\"async\" class=\"alignleft wp-image-2999 size-medium\" src=\"https:\/\/obitelj-vn.org\/wp-content\/uploads\/2019\/10\/IMG-20191022-WA0014-300x135.jpg\" alt=\"\" width=\"300\" height=\"135\" srcset=\"https:\/\/obitelj-vn.org\/wp-content\/uploads\/2019\/10\/IMG-20191022-WA0014-300x135.jpg 300w, https:\/\/obitelj-vn.org\/wp-content\/uploads\/2019\/10\/IMG-20191022-WA0014-768x346.jpg 768w, https:\/\/obitelj-vn.org\/wp-content\/uploads\/2019\/10\/IMG-20191022-WA0014-1024x461.jpg 1024w, https:\/\/obitelj-vn.org\/wp-content\/uploads\/2019\/10\/IMG-20191022-WA0014.jpg 1600w\" sizes=\"auto, (max-width: 300px) 100vw, 300px\" \/>Drugi, stru\u010dni seminar za roditelje djece pred\u0161kolskog uzrasta uprili\u010den je u utorak 22. listopada u \u017eupnom vrti\u0107u \u201eDon Ivica \u010condri\u0107\u201c u \u017dep\u010du. Seminar je organizirao Ured za brak i obitelj i Centar za savjetovanje Vrhbosanske nadbiskupije u suradnji sa \u017eepa\u010dkim \u017eupnikom i ravnateljem vrti\u0107a vl\u010d. Predragom Stoj\u010devi\u0107em. <\/span><\/p>\n<p style=\"text-align: justify; line-height: 15.0pt; background: white; margin: 7.5pt 0cm 15.0pt 0cm;\"><span lang=\"BS-LATN-BA\" style=\"color: #5a5b5b;\">Tema seminara bila je \u201cMogu li biti bolji roditelj?\u201d, a me\u0111u sudionicima su bili roditelji djece pred\u0161kolskog uzrasta, odgojiteljice uposlene u \u017eupnom vrti\u0107u, te nastavno i pedago\u0161ko osoblje iz Katoli\u010dkog \u0161kolskog centra \u201eDon Bosco\u201c iz \u017dep\u010da. Voditeljica seminara bila je dr. sc. Sanda D. Smoljo (psihologinja i psihoterapeutkinja). Na po\u010detku seminara prigodan pozdrav <\/span><span lang=\"BS-LATN-BA\" style=\"color: #5a5b5b;\"><img loading=\"lazy\" decoding=\"async\" class=\"alignright wp-image-3000 size-medium\" src=\"https:\/\/obitelj-vn.org\/wp-content\/uploads\/2019\/10\/IMG-20191022-WA0016-300x135.jpg\" alt=\"\" width=\"300\" height=\"135\" srcset=\"https:\/\/obitelj-vn.org\/wp-content\/uploads\/2019\/10\/IMG-20191022-WA0016-300x135.jpg 300w, https:\/\/obitelj-vn.org\/wp-content\/uploads\/2019\/10\/IMG-20191022-WA0016-768x346.jpg 768w, https:\/\/obitelj-vn.org\/wp-content\/uploads\/2019\/10\/IMG-20191022-WA0016-1024x461.jpg 1024w, https:\/\/obitelj-vn.org\/wp-content\/uploads\/2019\/10\/IMG-20191022-WA0016.jpg 1600w\" sizes=\"auto, (max-width: 300px) 100vw, 300px\" \/><\/span><span lang=\"BS-LATN-BA\" style=\"color: #5a5b5b;\">uputio je ravnatelj vl\u010d. Stoj\u010devi\u0107 te predstavio predava\u010dicu. Potom je uslijedilo predavanja u kojem je dr. Smoljo objasnila razvojne stadije pred\u0161kolskog djeteta, utjecaj bra\u010dne komunikacije na dijete, te opisala dinamike koje mogu biti prepreka normalnom psihi\u010dkom razvoju. Posebno je ukazala na disfunkcionalne metode koje treba zamijeniti prikladnim odgojnim vje\u0161tinama. Nakon predavanja uslijedila je kratka diskusija.\u00a0<\/span><\/p>\n","protected":false},"excerpt":{"rendered":"<p>Drugi, stru\u010dni seminar za roditelje djece pred\u0161kolskog uzrasta uprili\u010den je u utorak 22. listopada u \u017eupnom vrti\u0107u \u201eDon Ivica \u010condri\u0107\u201c u \u017dep\u010du. Seminar je organizirao Ured za brak i obitelj i Centar za savjetovanje Vrhbosanske nadbiskupije u suradnji sa \u017eepa\u010dkim \u017eupnikom i ravnateljem vrti\u0107a vl\u010d. Predragom Stoj\u010devi\u0107em. Tema seminara bila je \u201cMogu li biti bolji roditelj?\u201d, a me\u0111u sudionicima su bili roditelji djece pred\u0161kolskog uzrasta, odgojiteljice uposlene u \u017eupnom vrti\u0107u, te nastavno i pedago\u0161ko osoblje iz Katoli\u010dkog \u0161kolskog centra \u201eDon Bosco\u201c iz \u017dep\u010da. Voditeljica seminara bila je dr. sc. Sanda&#8230; <\/p>\n","protected":false},"author":1,"featured_media":2998,"comment_status":"closed","ping_status":"closed","sticky":false,"template":"","format":"standard","meta":{"footnotes":""},"categories":[5,67,50,65],"tags":[],"class_list":["post-2997","post","type-post","status-publish","format-standard","has-post-thumbnail","hentry","category-dogadanja","category-roditeljstvo","category-seminar","category-zepacki-dekanat"],"_links":{"self":[{"href":"https:\/\/obitelj-vn.org\/index.php?rest_route=\/wp\/v2\/posts\/2997","targetHints":{"allow":["GET"]}}],"collection":[{"href":"https:\/\/obitelj-vn.org\/index.php?rest_route=\/wp\/v2\/posts"}],"about":[{"href":"https:\/\/obitelj-vn.org\/index.php?rest_route=\/wp\/v2\/types\/post"}],"author":[{"embeddable":true,"href":"https:\/\/obitelj-vn.org\/index.php?rest_route=\/wp\/v2\/users\/1"}],"replies":[{"embeddable":true,"href":"https:\/\/obitelj-vn.org\/index.php?rest_route=%2Fwp%2Fv2%2Fcomments&post=2997"}],"version-history":[{"count":2,"href":"https:\/\/obitelj-vn.org\/index.php?rest_route=\/wp\/v2\/posts\/2997\/revisions"}],"predecessor-version":[{"id":3002,"href":"https:\/\/obitelj-vn.org\/index.php?rest_route=\/wp\/v2\/posts\/2997\/revisions\/3002"}],"wp:featuredmedia":[{"embeddable":true,"href":"https:\/\/obitelj-vn.org\/index.php?rest_route=\/wp\/v2\/media\/2998"}],"wp:attachment":[{"href":"https:\/\/obitelj-vn.org\/index.php?rest_route=%2Fwp%2Fv2%2Fmedia&parent=2997"}],"wp:term":[{"taxonomy":"category","embeddable":true,"href":"https:\/\/obitelj-vn.org\/index.php?rest_route=%2Fwp%2Fv2%2Fcategories&post=2997"},{"taxonomy":"post_tag","embeddable":true,"href":"https:\/\/obitelj-vn.org\/index.php?rest_route=%2Fwp%2Fv2%2Ftags&post=2997"}],"curies":[{"name":"wp","href":"https:\/\/api.w.org\/{rel}","templated":true}]}}