{"id":2913,"date":"2019-05-11T19:57:31","date_gmt":"2019-05-11T19:57:31","guid":{"rendered":"https:\/\/obitelj-vn.org\/?p=2913"},"modified":"2019-05-13T19:57:47","modified_gmt":"2019-05-13T19:57:47","slug":"tecaj-priprave-za-brak-u-tuzlanskom-dekanatu","status":"publish","type":"post","link":"https:\/\/obitelj-vn.org\/?p=2913","title":{"rendered":"Te\u010daj priprave za brak u Tuzlanskom dekanatu"},"content":{"rendered":"<p style=\"text-align: justify;\">Deseti te\u010daj priprave za sakramentalni brak, te ujedno posljednji za proljetni ciklus predavanja, odr\u017ean je 11. svibnja na podru\u010dju Tuzlanskog dekanata u organizaciji Ureda za brak i obitelj i Centra za savjetovanje Vrhbosanske nadbiskupije.<\/p>\n<p style=\"text-align: justify;\">U suradnji s tuzlanskom dekanom vl\u010d. Bonom Tomi\u0107em i ravnateljem vl\u010d. Markom Zubakom, te\u010daj, koji je po prvi put odr\u017ean u Tuzli, uprili\u010den je u Katoli\u010dkom \u0161kolskom centru \u201eSv. Franjo\u201c. Na susretu su nazo\u010dili zaru\u010dnici\u00a0 iz Tuzle i \u017divinica te jedan par iz Mostara.<\/p>\n<p style=\"text-align: justify;\">Nakon \u017eupnikove rije\u010di dobrodo\u0161lice, uslijedila su predavanja stru\u010dnoga tima Ureda za brak i obitelj Vrhbosanske nadbiskupije kojeg \u010dine: vl\u010d. dr. sc. Dubravko Turalija, dr. sc. Sanda D. Smoljo, dr. med Ana Pecirep i dr. sc. fra \u0160imo Ivelj.<\/p>\n<p style=\"text-align: justify;\">Nakon prijepodnevnih predavanja uslijedila je diskusija na kojoj se raspravljalo\u00a0 o aktualnim izazovima s kojima se susre\u0107u zaru\u010dnici, a raspravljalo se i o planiranim budu\u0107im seminarima na temu odgovornog roditeljstva.<\/p>\n<p style=\"text-align: justify;\">Po zavr\u0161etku te\u010daja, asistentica na projektu te\u010daja, studentica Katoli\u010dkog bogoslovnog fakulteta u Sarajevu, Sanja Bakula razgovarala je sa sudionicima o njihovim utiscima.<\/p>\n<p style=\"text-align: justify;\">Dario Andri\u0107 i Dijana Pav\u010di\u0107 iz \u017eupe \u017divinice rekli su da im je te\u010daj bio koristan te su iz svih predavanja izvukli ne\u0161to za sebe. Naglasili su da bi ga preporu\u010dili i onima koji su ve\u0107 u braku jer supru\u017enici svoj odnos uvijek mogu u\u010diniti boljim.<\/p>\n<p style=\"text-align: justify;\">Ernes Leopold Hurskovi\u0107 i Ivana Zovko, zaru\u010dni\u010dki par iz Mostara, istakli su jako pozitivne utiske. Ivana je naglasila da \u017eivi vjeru i nije joj novost sve \u0161to je \u010dula, ali su joj sva predavanja koristila da produbi svoje znanje o svemu s \u010dime se doticala. Predavanja su koristila da ona i njezin zaru\u010dnik prepoznaju situacije gdje grije\u0161e i porade na tome.<\/p>\n<p style=\"text-align: justify;\">Po zavr\u0161etku svih predavanja uprili\u010dena je anonimna anketa kao sastavni dio analiti\u010dkog rada tima, koji po zavr\u0161etku te\u010daja vrednuje evaluacijske listi\u0107e te na temelju dobivenih prijedloga koncipira nove i aktualne edukacijsko-formacijske seminare.<\/p>\n<p style=\"text-align: justify;\">Za sve one zaru\u010dnike koji nisu uspjeli sudjelovati u proljetnom ciklusu te\u010dajeva za sakramentalni brak u Vrhbosanskoj nadbiskupiji, kao i za one mlade koji \u0107e se u me\u0111uvremenu zaru\u010diti, tim Ureda za brak i obitelj radi na pripremi jesenskih termina.<\/p>\n<p style=\"text-align: justify;\">Sljedeci ciklus seminara koji \u0107e biti predlo\u017eeni po dekanatima bit \u0107e na temu odgovornog roditeljstva.<\/p>\n<p style=\"text-align: justify;\">Sve detaljne informacije o novim terminima te\u010dajeva, seminarima za roditelje i duhovne obnove mo\u017ee se pratiti na mre\u017enoj stranici: www.obitelj-vn.org<\/p>\n<p style=\"text-align: right;\">S.B.<\/p>\n<div id=\"grid-gallery-51-25983\" data-gg-id=\"51\" data-title=\"Te\u010daj priprave za brak u Tuzlanskom dekanatu\" data-grid-type=\"2\" data-offset=\"5.3\" data-area-position=\"center\" data-icons=\"\" data-preloader=\"true\" data-width=\"auto\" data-height=\"215\" data-padding=\"0\" data-quicksand=\"disabled\" data-quicksand-duration=\"1800\" data-popup-theme=\"theme_6\" data-popup-type=\"pretty-photo\" data-popup-image-text=\"data-description\" data-popup-widthsize=\"auto\" data-popup-heightsize=\"auto\" data-popup-i18n-words=\"{&quot;close&quot;:&quot;close&quot;,&quot;next&quot;:&quot;next&quot;,&quot;previous&quot;:&quot;previous&quot;,&quot;start_slideshow&quot;:&quot;start slideshow&quot;,&quot;stop_slideshow&quot;:&quot;stop slideshow&quot;,&quot;image&quot;:&quot;image&quot;,&quot;of&quot;:&quot;of&quot;,&quot;prev&quot;:&quot;prev&quot;,&quot;cExpand&quot;:&quot;Expand&quot;,&quot;cPrevious&quot;:&quot;Previous&quot;,&quot;cNext&quot;:&quot;Next&quot;,&quot;cExpandStr&quot;:&quot;Expand the image&quot;,&quot;cRotate&quot;:&quot;Rotate&quot;,&quot;cDetails&quot;:&quot;Details&quot;}\" data-popup-slideshow=\"false\" data-popup-slideshow-speed=\"2500\" data-popup-hoverstop=\"true\" data-popup-slideshow-auto=\"false\" data-popup-background=\"\" data-popup-transparency=\"30\" data-popup-disable-history=\"\" data-popup-disable-changed-url=\"\" data-popup-border-type=\"\" data-popup-border-color=\"\" data-popup-border-width=\"\" data-popup-border-enable=\"\" data-fullscreen=\"false\" data-hide-tooltip=\"false\" data-caption-font-family=\"Default\" data-caption-text-size=\"140\" data-is-mobile=\"0\" data-caption-mobile=\"false\" data-hide-long-tltp-title=\"0\" data-caption-disabled-on-mobile=\"false\" data-popup-placement-type=\"0\" data-social-sharing=\"{&quot;enabled&quot;:&quot;&quot;,&quot;gallerySharing&quot;:{&quot;enabled&quot;:null,&quot;position&quot;:null},&quot;imageSharing&quot;:{&quot;enabled&quot;:null,&quot;wrapperClass&quot;:&quot; vertical &quot;},&quot;popupSharing&quot;:{&quot;enabled&quot;:null,&quot;wrapperClass&quot;:&quot; vertical &quot;}}\" class=\"grid-gallery grid-gallery-fixed \" style=\" width:100%; height:auto; margin-left:auto; margin-right:auto;position:relative;\"> <div class=\"gallery-loading\"> <div class=\"blocks\"> <div class=\"block\"><\/div> <div class=\"block\"><\/div> <div class=\"block\"><\/div> <div class=\"block\"><\/div> <\/div> <\/div> <div class=\"gallery-sharing-top\" style=\"display:none;\"> <\/div> <div id=\"photos-51\" class=\"grid-gallery-photos\"><FIGURE class=\"grid-gallery-caption\" data-grid-gallery-type=\"quarter-two-step\" data-index=\"0\" style=\"display:none;border-radius:200;; margin:2.65px; height:2150; width:auto;\" ><div class=\"crop\" style=\"\"><img decoding=\"async\" src=\"https:\/\/obitelj-vn.org\/wp-content\/uploads\/2019\/05\/IMG_3221-Large-323x215.jpg\" class=\"ggImg ggNotInitImg\" alt=\"IMG_3221 (Large)\" title=\"IMG_3221 (Large)\" data-description=\"IMG_3221 (Large)\" data-caption=\"IMG_3221 (Large)\" data-title=\"IMG_3221 (Large)\" style=\" height:215px; width:auto;\" \/><\/div><FIGCAPTION class=\"\" data-alpha=\"5\" style=\"color:#ffffff; background-color:#0c0000; font-size:140; text-align:2; font-family:Default;\" ><div class=\"grid-gallery-figcaption-wrap\" style=\"\"><\/div><\/FIGCAPTION><\/FIGURE><FIGURE class=\"grid-gallery-caption\" data-grid-gallery-type=\"quarter-two-step\" data-index=\"1\" style=\"display:none;border-radius:200;; margin:2.65px; height:2150; width:auto;\" ><div class=\"crop\" style=\"\"><img decoding=\"async\" src=\"https:\/\/obitelj-vn.org\/wp-content\/uploads\/2019\/05\/IMG_3223-Large-323x215.jpg\" class=\"ggImg ggNotInitImg\" alt=\"IMG_3223 (Large)\" title=\"IMG_3223 (Large)\" data-description=\"IMG_3223 (Large)\" data-caption=\"IMG_3223 (Large)\" data-title=\"IMG_3223 (Large)\" style=\" height:215px; width:auto;\" \/><\/div><FIGCAPTION class=\"\" data-alpha=\"5\" style=\"color:#ffffff; background-color:#0c0000; font-size:140; text-align:2; font-family:Default;\" ><div class=\"grid-gallery-figcaption-wrap\" style=\"\"><\/div><\/FIGCAPTION><\/FIGURE><FIGURE class=\"grid-gallery-caption\" data-grid-gallery-type=\"quarter-two-step\" data-index=\"2\" style=\"display:none;border-radius:200;; margin:2.65px; height:2150; width:auto;\" ><div class=\"crop\" style=\"\"><img decoding=\"async\" src=\"https:\/\/obitelj-vn.org\/wp-content\/uploads\/2019\/05\/IMG_3230-Large-323x215.jpg\" class=\"ggImg ggNotInitImg\" alt=\"IMG_3230 (Large)\" title=\"IMG_3230 (Large)\" data-description=\"IMG_3230 (Large)\" data-caption=\"IMG_3230 (Large)\" data-title=\"IMG_3230 (Large)\" style=\" height:215px; width:auto;\" \/><\/div><FIGCAPTION class=\"\" data-alpha=\"5\" style=\"color:#ffffff; background-color:#0c0000; font-size:140; text-align:2; font-family:Default;\" ><div class=\"grid-gallery-figcaption-wrap\" style=\"\"><\/div><\/FIGCAPTION><\/FIGURE><FIGURE class=\"grid-gallery-caption\" data-grid-gallery-type=\"quarter-two-step\" data-index=\"3\" style=\"display:none;border-radius:200;; margin:2.65px; height:2150; width:auto;\" ><div class=\"crop\" style=\"\"><img decoding=\"async\" src=\"https:\/\/obitelj-vn.org\/wp-content\/uploads\/2019\/05\/IMG_3234-Large-323x215.jpg\" class=\"ggImg ggNotInitImg\" alt=\"IMG_3234 (Large)\" title=\"IMG_3234 (Large)\" data-description=\"IMG_3234 (Large)\" data-caption=\"IMG_3234 (Large)\" data-title=\"IMG_3234 (Large)\" style=\" height:215px; width:auto;\" \/><\/div><FIGCAPTION class=\"\" data-alpha=\"5\" style=\"color:#ffffff; background-color:#0c0000; font-size:140; text-align:2; font-family:Default;\" ><div class=\"grid-gallery-figcaption-wrap\" style=\"\"><\/div><\/FIGCAPTION><\/FIGURE> <div class=\"grid-gallery-clearfix\"><\/div> <\/div> <div class=\"gallery-sharing-bottom\" style=\"display:none;\"> <\/div> <div class=\"gallery-sharing-image\" style=\"display:none;\"> <\/div> <div class=\"gallery-sharing-popup\" style=\"display:none;\"> <\/div> <div class=\"grid-gallery-clearfix\"><\/div> <\/div> <!-- Gallery by Supsystic plugin1.16.0 --><a title=\"WordPress Image Gallery Plugin\" style=\"display:none;\" href=\"https:\/\/supsystic.com\/plugins\/photo-gallery\/?utm_medium=love_link\" target=\"_blank\">WordPress Image Gallery Plugin<\/a>\n","protected":false},"excerpt":{"rendered":"<p>Deseti te\u010daj priprave za sakramentalni brak, te ujedno posljednji za proljetni ciklus predavanja, odr\u017ean je 11. svibnja na podru\u010dju Tuzlanskog dekanata u organizaciji Ureda za brak i obitelj i Centra za savjetovanje Vrhbosanske nadbiskupije. U suradnji s tuzlanskom dekanom vl\u010d. Bonom Tomi\u0107em i ravnateljem vl\u010d. Markom Zubakom, te\u010daj, koji je po prvi put odr\u017ean u Tuzli, uprili\u010den je u Katoli\u010dkom \u0161kolskom centru \u201eSv. Franjo\u201c. Na susretu su nazo\u010dili zaru\u010dnici\u00a0 iz Tuzle i \u017divinica te jedan par iz Mostara. Nakon \u017eupnikove rije\u010di dobrodo\u0161lice, uslijedila su predavanja stru\u010dnoga tima Ureda za brak&#8230; <\/p>\n","protected":false},"author":1,"featured_media":2911,"comment_status":"closed","ping_status":"closed","sticky":false,"template":"","format":"standard","meta":{"footnotes":""},"categories":[5,51,66],"tags":[],"class_list":["post-2913","post","type-post","status-publish","format-standard","has-post-thumbnail","hentry","category-dogadanja","category-tecaj-priprave-za-brak","category-tuzlanski-dekanat"],"_links":{"self":[{"href":"https:\/\/obitelj-vn.org\/index.php?rest_route=\/wp\/v2\/posts\/2913","targetHints":{"allow":["GET"]}}],"collection":[{"href":"https:\/\/obitelj-vn.org\/index.php?rest_route=\/wp\/v2\/posts"}],"about":[{"href":"https:\/\/obitelj-vn.org\/index.php?rest_route=\/wp\/v2\/types\/post"}],"author":[{"embeddable":true,"href":"https:\/\/obitelj-vn.org\/index.php?rest_route=\/wp\/v2\/users\/1"}],"replies":[{"embeddable":true,"href":"https:\/\/obitelj-vn.org\/index.php?rest_route=%2Fwp%2Fv2%2Fcomments&post=2913"}],"version-history":[{"count":1,"href":"https:\/\/obitelj-vn.org\/index.php?rest_route=\/wp\/v2\/posts\/2913\/revisions"}],"predecessor-version":[{"id":2914,"href":"https:\/\/obitelj-vn.org\/index.php?rest_route=\/wp\/v2\/posts\/2913\/revisions\/2914"}],"wp:featuredmedia":[{"embeddable":true,"href":"https:\/\/obitelj-vn.org\/index.php?rest_route=\/wp\/v2\/media\/2911"}],"wp:attachment":[{"href":"https:\/\/obitelj-vn.org\/index.php?rest_route=%2Fwp%2Fv2%2Fmedia&parent=2913"}],"wp:term":[{"taxonomy":"category","embeddable":true,"href":"https:\/\/obitelj-vn.org\/index.php?rest_route=%2Fwp%2Fv2%2Fcategories&post=2913"},{"taxonomy":"post_tag","embeddable":true,"href":"https:\/\/obitelj-vn.org\/index.php?rest_route=%2Fwp%2Fv2%2Ftags&post=2913"}],"curies":[{"name":"wp","href":"https:\/\/api.w.org\/{rel}","templated":true}]}}