{"id":2702,"date":"2018-06-29T20:39:18","date_gmt":"2018-06-29T20:39:18","guid":{"rendered":"https:\/\/obitelj-vn.org\/?p=2702"},"modified":"2018-07-01T20:40:10","modified_gmt":"2018-07-01T20:40:10","slug":"cetvrta-kateheza-kao-priprava-za-obiteljski-dan-u-bih","status":"publish","type":"post","link":"https:\/\/obitelj-vn.org\/?p=2702","title":{"rendered":"\u010cETVRTA KATEHEZA KAO PRIPRAVA ZA OBITELJSKI DAN U BIH"},"content":{"rendered":"<div class=\"tekst\">\n<p style=\"text-align: justify;\">Vije\u0107e za obitelj Biskupske konferencije Bosne i Hercegovine, kojim predsjeda pomo\u0107ni biskup banjolu\u010dki mons. Marko Semren, organizira\u00a0<i>Obiteljski dan u BiH<\/i>\u00a0koji \u0107e biti uprili\u010den, 29. srpnja 2018. u crkvi Svete Obitelji na Kupresu.\u00a0Spomenuto Vije\u0107e,\u00a0tako\u0111er, organizira odlazak na\u00a0<i>Tre\u0107i nacionalni susret hrvatskih katoli\u010dkih obitelji\u00a0<\/i>koji \u0107e se odr\u017eati 15. i 16. rujna u Splitu i Solinu pod geslom<i>\u00a0\u201eObitelj \u2013 izvor \u017eivota i radosti\u201c.<\/i><\/p>\n<p style=\"text-align: justify;\">U sklopu priprave za nadolaze\u0107e obiteljske susrete, organizirane su kateheze za obitelji koje provodi stru\u010dni tim Ureda za brak i obitelj Vrhbosanske nadbiskupije. U suradnji s dekanima do sada su uprili\u010dene tri kateheze za Kre\u0161evski, Livanjski i Usorski dekanat. Cilj rada s obiteljima kroz kateheze je animirati obiteljske teme u \u017eupnim zajednicama, s posebnim osvrtom na izazove i ulogu \u017eene i maj\u010dinstva, te potaknuti \u0161to ve\u0107i broj obitelji da se odazovu pozivu i obiteljskom projektu koje provodi Vije\u0107e za obitelj BK BiH.<\/p>\n<p style=\"text-align: justify;\">\u010cetvrta u nizu kateheza, u organizaciji Ureda i Centra za savjetovanje Vrhbosanske nadbiskupije realizirana je u suradnji s Katoli\u010dkom obiteljskom udrugom \u201eMilosrdno srce\u201c, u utorak 26. lipnja. Katehezu na temu\u00a0\u00a0<i>Bog \u2013 izvor maj\u010dinstva,<\/i>\u00a0u \u017eupi Duha Svetoga u Novoj Biloj, predvodio je Stanislav Stijepi\u0107 (psiholog i psihoterapeut), stru\u010dni suradnik Ureda.<\/p>\n<p style=\"text-align: justify;\">Na po\u010detku susreta nazo\u010dne je pozdravio Danijel Mlaki\u0107, \u010dlan udurge \u201eMilosrdno srce\u201c a srda\u010dnu dobrodo\u0161licu i blagoslov uputio je fra Pero Vrebac. Prije same kateheze uprili\u010deno je Misno slavlje. Sredi\u0161nja tema kateheze referirala se na izazov uloge \u017eene i majke. \u201eU dana\u0161njem vremenu, \u017eena\/majka kr\u0161\u0107anka treba slijediti Boga kao sredi\u0161nju vrijednost u svim \u017eivotnim okolnostima\u201c, istakao je Stijepi\u0107.<\/p>\n<p style=\"text-align: justify;\">Unutar grupnog rada sudionici su imali priliku bolje se upoznati, te razmijeniti raznolike stavove po pitanju dana\u0161nje uloge \u017eene i majke te kroz raspravu osvijestiti izazove modernog dru\u0161tva. Susret je zavr\u0161en zajedni\u010dkom molitvom.<\/p>\n<\/div>\n<div id=\"grid-gallery-39-35048\" data-gg-id=\"39\" data-title=\"\u010cETVRTA KATEHEZA KAO PRIPRAVA ZA OBITELJSKI DAN U BIH\" data-grid-type=\"2\" data-offset=\"5.3\" data-area-position=\"center\" data-icons=\"\" data-preloader=\"true\" data-width=\"auto\" data-height=\"215\" data-padding=\"0\" data-quicksand=\"disabled\" data-quicksand-duration=\"1800\" data-popup-theme=\"theme_6\" data-popup-type=\"pretty-photo\" data-popup-image-text=\"data-description\" data-popup-widthsize=\"auto\" data-popup-heightsize=\"auto\" data-popup-i18n-words=\"{&quot;close&quot;:&quot;close&quot;,&quot;next&quot;:&quot;next&quot;,&quot;previous&quot;:&quot;previous&quot;,&quot;start_slideshow&quot;:&quot;start slideshow&quot;,&quot;stop_slideshow&quot;:&quot;stop slideshow&quot;,&quot;image&quot;:&quot;image&quot;,&quot;of&quot;:&quot;of&quot;,&quot;prev&quot;:&quot;prev&quot;,&quot;cExpand&quot;:&quot;Expand&quot;,&quot;cPrevious&quot;:&quot;Previous&quot;,&quot;cNext&quot;:&quot;Next&quot;,&quot;cExpandStr&quot;:&quot;Expand the image&quot;,&quot;cRotate&quot;:&quot;Rotate&quot;,&quot;cDetails&quot;:&quot;Details&quot;}\" data-popup-slideshow=\"false\" data-popup-slideshow-speed=\"2500\" data-popup-hoverstop=\"true\" data-popup-slideshow-auto=\"false\" data-popup-background=\"\" data-popup-transparency=\"30\" data-popup-disable-history=\"\" data-popup-disable-changed-url=\"\" data-popup-border-type=\"\" data-popup-border-color=\"\" data-popup-border-width=\"\" data-popup-border-enable=\"\" data-fullscreen=\"false\" data-hide-tooltip=\"false\" data-caption-font-family=\"Default\" data-caption-text-size=\"140\" data-is-mobile=\"0\" data-caption-mobile=\"false\" data-hide-long-tltp-title=\"0\" data-caption-disabled-on-mobile=\"false\" data-popup-placement-type=\"0\" data-social-sharing=\"{&quot;enabled&quot;:&quot;&quot;,&quot;gallerySharing&quot;:{&quot;enabled&quot;:null,&quot;position&quot;:null},&quot;imageSharing&quot;:{&quot;enabled&quot;:null,&quot;wrapperClass&quot;:&quot; vertical &quot;},&quot;popupSharing&quot;:{&quot;enabled&quot;:null,&quot;wrapperClass&quot;:&quot; vertical &quot;}}\" class=\"grid-gallery grid-gallery-fixed \" style=\" width:100%; height:auto; margin-left:auto; margin-right:auto;position:relative;\"> <div class=\"gallery-loading\"> <div class=\"blocks\"> <div class=\"block\"><\/div> <div class=\"block\"><\/div> <div class=\"block\"><\/div> <div class=\"block\"><\/div> <\/div> <\/div> <div class=\"gallery-sharing-top\" style=\"display:none;\"> <\/div> <div id=\"photos-39\" class=\"grid-gallery-photos\"><FIGURE class=\"grid-gallery-caption\" data-grid-gallery-type=\"quarter-two-step\" data-index=\"0\" style=\"display:none;border-radius:200;; margin:2.65px; height:2150; width:auto;\" ><div class=\"crop\" style=\"\"><img decoding=\"async\" src=\"https:\/\/obitelj-vn.org\/wp-content\/uploads\/2018\/07\/IMG_2662-Medium-323x215.jpg\" class=\"ggImg ggNotInitImg\" alt=\"IMG_2662 (Medium)\" title=\"IMG_2662 (Medium)\" data-description=\"IMG_2662 (Medium)\" data-caption=\"IMG_2662 (Medium)\" data-title=\"IMG_2662 (Medium)\" style=\" height:215px; width:auto;\" \/><\/div><FIGCAPTION class=\"\" data-alpha=\"5\" style=\"color:#ffffff; background-color:#0c0000; font-size:140; text-align:2; font-family:Default;\" ><div class=\"grid-gallery-figcaption-wrap\" style=\"\"><\/div><\/FIGCAPTION><\/FIGURE><FIGURE class=\"grid-gallery-caption\" data-grid-gallery-type=\"quarter-two-step\" data-index=\"1\" style=\"display:none;border-radius:200;; margin:2.65px; height:2150; width:auto;\" ><div class=\"crop\" style=\"\"><img decoding=\"async\" src=\"https:\/\/obitelj-vn.org\/wp-content\/uploads\/2018\/07\/IMG_2664-Medium-323x215.jpg\" class=\"ggImg ggNotInitImg\" alt=\"IMG_2664 (Medium)\" title=\"IMG_2664 (Medium)\" data-description=\"IMG_2664 (Medium)\" data-caption=\"IMG_2664 (Medium)\" data-title=\"IMG_2664 (Medium)\" style=\" height:215px; width:auto;\" \/><\/div><FIGCAPTION class=\"\" data-alpha=\"5\" style=\"color:#ffffff; background-color:#0c0000; font-size:140; text-align:2; font-family:Default;\" ><div class=\"grid-gallery-figcaption-wrap\" style=\"\"><\/div><\/FIGCAPTION><\/FIGURE><FIGURE class=\"grid-gallery-caption\" data-grid-gallery-type=\"quarter-two-step\" data-index=\"2\" style=\"display:none;border-radius:200;; margin:2.65px; height:2150; width:auto;\" ><div class=\"crop\" style=\"\"><img decoding=\"async\" src=\"https:\/\/obitelj-vn.org\/wp-content\/uploads\/2018\/07\/IMG_2666-Medium-323x215.jpg\" class=\"ggImg ggNotInitImg\" alt=\"IMG_2666 (Medium)\" title=\"IMG_2666 (Medium)\" data-description=\"IMG_2666 (Medium)\" data-caption=\"IMG_2666 (Medium)\" data-title=\"IMG_2666 (Medium)\" style=\" height:215px; width:auto;\" \/><\/div><FIGCAPTION class=\"\" data-alpha=\"5\" style=\"color:#ffffff; background-color:#0c0000; font-size:140; text-align:2; font-family:Default;\" ><div class=\"grid-gallery-figcaption-wrap\" style=\"\"><\/div><\/FIGCAPTION><\/FIGURE><FIGURE class=\"grid-gallery-caption\" data-grid-gallery-type=\"quarter-two-step\" data-index=\"3\" style=\"display:none;border-radius:200;; margin:2.65px; height:2150; width:auto;\" ><div class=\"crop\" style=\"\"><img decoding=\"async\" src=\"https:\/\/obitelj-vn.org\/wp-content\/uploads\/2018\/07\/IMG_2668-Medium-323x215.jpg\" class=\"ggImg ggNotInitImg\" alt=\"IMG_2668 (Medium)\" title=\"IMG_2668 (Medium)\" data-description=\"IMG_2668 (Medium)\" data-caption=\"IMG_2668 (Medium)\" data-title=\"IMG_2668 (Medium)\" style=\" height:215px; width:auto;\" \/><\/div><FIGCAPTION class=\"\" data-alpha=\"5\" style=\"color:#ffffff; background-color:#0c0000; font-size:140; text-align:2; font-family:Default;\" ><div class=\"grid-gallery-figcaption-wrap\" style=\"\"><\/div><\/FIGCAPTION><\/FIGURE><FIGURE class=\"grid-gallery-caption\" data-grid-gallery-type=\"quarter-two-step\" data-index=\"4\" style=\"display:none;border-radius:200;; margin:2.65px; height:2150; width:auto;\" ><div class=\"crop\" style=\"\"><img decoding=\"async\" src=\"https:\/\/obitelj-vn.org\/wp-content\/uploads\/2018\/07\/IMG_2674-Medium-323x215.jpg\" class=\"ggImg ggNotInitImg\" alt=\"IMG_2674 (Medium)\" title=\"IMG_2674 (Medium)\" data-description=\"IMG_2674 (Medium)\" data-caption=\"IMG_2674 (Medium)\" data-title=\"IMG_2674 (Medium)\" style=\" height:215px; width:auto;\" \/><\/div><FIGCAPTION class=\"\" data-alpha=\"5\" style=\"color:#ffffff; background-color:#0c0000; font-size:140; text-align:2; font-family:Default;\" ><div class=\"grid-gallery-figcaption-wrap\" style=\"\"><\/div><\/FIGCAPTION><\/FIGURE> <div class=\"grid-gallery-clearfix\"><\/div> <\/div> <div class=\"gallery-sharing-bottom\" style=\"display:none;\"> <\/div> <div class=\"gallery-sharing-image\" style=\"display:none;\"> <\/div> <div class=\"gallery-sharing-popup\" style=\"display:none;\"> <\/div> <div class=\"grid-gallery-clearfix\"><\/div> <\/div> <!-- Gallery by Supsystic plugin1.16.0 --><a title=\"WordPress Image Gallery Plugin\" style=\"display:none;\" href=\"https:\/\/supsystic.com\/plugins\/photo-gallery\/?utm_medium=love_link\" target=\"_blank\">WordPress Image Gallery Plugin<\/a>\n","protected":false},"excerpt":{"rendered":"<p>Vije\u0107e za obitelj Biskupske konferencije Bosne i Hercegovine, kojim predsjeda pomo\u0107ni biskup banjolu\u010dki mons. Marko Semren, organizira\u00a0Obiteljski dan u BiH\u00a0koji \u0107e biti uprili\u010den, 29. srpnja 2018. u crkvi Svete Obitelji na Kupresu.\u00a0Spomenuto Vije\u0107e,\u00a0tako\u0111er, organizira odlazak na\u00a0Tre\u0107i nacionalni susret hrvatskih katoli\u010dkih obitelji\u00a0koji \u0107e se odr\u017eati 15. i 16. rujna u Splitu i Solinu pod geslom\u00a0\u201eObitelj \u2013 izvor \u017eivota i radosti\u201c. U sklopu priprave za nadolaze\u0107e obiteljske susrete, organizirane su kateheze za obitelji koje provodi stru\u010dni tim Ureda za brak i obitelj Vrhbosanske nadbiskupije. U suradnji s dekanima do sada su uprili\u010dene&#8230; <\/p>\n","protected":false},"author":1,"featured_media":2701,"comment_status":"closed","ping_status":"closed","sticky":false,"template":"","format":"standard","meta":{"footnotes":""},"categories":[5,49,42],"tags":[],"class_list":["post-2702","post","type-post","status-publish","format-standard","has-post-thumbnail","hentry","category-dogadanja","category-kateheza","category-travnicki-dekanat"],"_links":{"self":[{"href":"https:\/\/obitelj-vn.org\/index.php?rest_route=\/wp\/v2\/posts\/2702","targetHints":{"allow":["GET"]}}],"collection":[{"href":"https:\/\/obitelj-vn.org\/index.php?rest_route=\/wp\/v2\/posts"}],"about":[{"href":"https:\/\/obitelj-vn.org\/index.php?rest_route=\/wp\/v2\/types\/post"}],"author":[{"embeddable":true,"href":"https:\/\/obitelj-vn.org\/index.php?rest_route=\/wp\/v2\/users\/1"}],"replies":[{"embeddable":true,"href":"https:\/\/obitelj-vn.org\/index.php?rest_route=%2Fwp%2Fv2%2Fcomments&post=2702"}],"version-history":[{"count":1,"href":"https:\/\/obitelj-vn.org\/index.php?rest_route=\/wp\/v2\/posts\/2702\/revisions"}],"predecessor-version":[{"id":2703,"href":"https:\/\/obitelj-vn.org\/index.php?rest_route=\/wp\/v2\/posts\/2702\/revisions\/2703"}],"wp:featuredmedia":[{"embeddable":true,"href":"https:\/\/obitelj-vn.org\/index.php?rest_route=\/wp\/v2\/media\/2701"}],"wp:attachment":[{"href":"https:\/\/obitelj-vn.org\/index.php?rest_route=%2Fwp%2Fv2%2Fmedia&parent=2702"}],"wp:term":[{"taxonomy":"category","embeddable":true,"href":"https:\/\/obitelj-vn.org\/index.php?rest_route=%2Fwp%2Fv2%2Fcategories&post=2702"},{"taxonomy":"post_tag","embeddable":true,"href":"https:\/\/obitelj-vn.org\/index.php?rest_route=%2Fwp%2Fv2%2Ftags&post=2702"}],"curies":[{"name":"wp","href":"https:\/\/api.w.org\/{rel}","templated":true}]}}