{"id":2688,"date":"2018-06-20T19:38:20","date_gmt":"2018-06-20T19:38:20","guid":{"rendered":"https:\/\/obitelj-vn.org\/?p=2688"},"modified":"2018-06-20T19:39:21","modified_gmt":"2018-06-20T19:39:21","slug":"drugi-seminar-za-roditelje-koji-su-izgubili-djecu-ili-imaju-djecu-s-poteskocama","status":"publish","type":"post","link":"https:\/\/obitelj-vn.org\/?p=2688","title":{"rendered":"DRUGI SEMINAR ZA RODITELJE KOJI SU IZGUBILI DJECU ILI IMAJU DJECU S POTE\u0160KO\u0106AMA"},"content":{"rendered":"<p>&nbsp;<\/p>\n<p style=\"text-align: justify;\"><span style=\"font-family: verdana, geneva, sans-serif; font-size: 14pt;\">U organizaciji Centra za savjetovanje Vrhbosanske nadbiskupije i \u017eupnog Caritasa \u017eupe Presvetog Trojstva u Novom Sarajevo, u utorak 19. lipnja odr\u017ean je drugi seminar za roditelje koji su izgubili djecu ili imaju djecu s pote\u0161ko\u0107ama. Predavanje i radionica uprili\u010deni su u \u017eupnom pastoralnom centru Josip Stadler s po\u010detkom u 18.30 sati.<\/span><\/p>\n<p style=\"text-align: justify;\"><span style=\"font-family: verdana, geneva, sans-serif; font-size: 14pt;\"><img loading=\"lazy\" decoding=\"async\" class=\"alignleft wp-image-2690 size-medium\" src=\"https:\/\/obitelj-vn.org\/wp-content\/uploads\/2018\/06\/IMG_2650-Medium-300x200.jpg\" alt=\"\" width=\"300\" height=\"200\" srcset=\"https:\/\/obitelj-vn.org\/wp-content\/uploads\/2018\/06\/IMG_2650-Medium-300x200.jpg 300w, https:\/\/obitelj-vn.org\/wp-content\/uploads\/2018\/06\/IMG_2650-Medium-768x512.jpg 768w, https:\/\/obitelj-vn.org\/wp-content\/uploads\/2018\/06\/IMG_2650-Medium-1024x683.jpg 1024w, https:\/\/obitelj-vn.org\/wp-content\/uploads\/2018\/06\/IMG_2650-Medium-272x182.jpg 272w, https:\/\/obitelj-vn.org\/wp-content\/uploads\/2018\/06\/IMG_2650-Medium.jpg 1152w\" sizes=\"auto, (max-width: 300px) 100vw, 300px\" \/>Na po\u010detku susreta nazo\u010dne je pozdravio vl\u010d. Marinko Filipovi\u0107, po\u017eelio plodan rad te pozvao sudionike da se otvore i po mogu\u0107nosti podijele svoja iskustva u vezi s bolnom gubitka. Pored pozdrava i dobrodo\u0161lice \u017eupnik Filipovi\u0107 je i aktivno sudjelovao na seminaru. \u00a0\u00a0<\/span><\/p>\n<p style=\"text-align: justify;\"><span style=\"font-family: verdana, geneva, sans-serif; font-size: 14pt;\">Predavanje na temu: \u201eGubitak, \u017ealovanje i pru\u017eanje potpore\u201c iz psiholo\u0161ko-duhovne perspektive odr\u017eala je dr. Sanda D. Smoljo (teologinja, psihologinja, psihoterapeutkinja), voditeljica Centra za savjetovanje VN.<\/span><\/p>\n<p style=\"text-align: justify;\"><span style=\"font-family: verdana, geneva, sans-serif; font-size: 14pt;\">Dr. Smoljo zapo\u010dela je predavanje citiranjem knjige Propovjednika, 3. poglavlja (Prop 3, 1-8), u kojem se isti\u010de kako \u201eSve ima svoje vrijeme. Svaka stvar ima svoje vrijeme pod nebom.\u201c Tako postoji vrijeme kada se ra\u0111a i umire, vrijeme pla\u010da i smijeha, vrijeme grljenja i vrijeme rastajanja. Smrt, pla\u010d, rastanak su te\u0161ka, neugodna iskustva i \u010desto se o njima izbjegava govoriti i suo\u010diti se s njima aktivno. Smrt je<img loading=\"lazy\" decoding=\"async\" class=\"alignright wp-image-2692 size-medium\" src=\"https:\/\/obitelj-vn.org\/wp-content\/uploads\/2018\/06\/IMG_2653-Medium-300x200.jpg\" alt=\"\" width=\"300\" height=\"200\" srcset=\"https:\/\/obitelj-vn.org\/wp-content\/uploads\/2018\/06\/IMG_2653-Medium-300x200.jpg 300w, https:\/\/obitelj-vn.org\/wp-content\/uploads\/2018\/06\/IMG_2653-Medium-768x512.jpg 768w, https:\/\/obitelj-vn.org\/wp-content\/uploads\/2018\/06\/IMG_2653-Medium-1024x683.jpg 1024w, https:\/\/obitelj-vn.org\/wp-content\/uploads\/2018\/06\/IMG_2653-Medium-272x182.jpg 272w, https:\/\/obitelj-vn.org\/wp-content\/uploads\/2018\/06\/IMG_2653-Medium.jpg 1152w\" sizes=\"auto, (max-width: 300px) 100vw, 300px\" \/> prirodan proces, kao i ra\u0111anje, no budu\u0107i da je izuzetno bolan proces, \u010desto se zna i u \u017eivotu vjernika izgubiti iz vida teolo\u0161ko zna\u010denje smrti i njen smisao. Budu\u0107i da se izgubi nadnaravni karakter smrti, vjernik mo\u017ee ostati zatvoren u psiholo\u0161koj boli koja mo\u017ee postati nepodno\u0161ljiva i voditi do gubitka smisla \u017eivota. Stoga je najprije kroz psiholo\u0161ku elaboracija <em>gubitka<\/em>, <em>rastanka<\/em>, <em>odlaska<\/em>, poja\u0161njena naravna dinamika smrti, a potom i nadnaravna. U biblijskom pogledu na smrt kroz evan\u0111eoski primjer Marte, Marije, Lazara i Isusa (Iv, 11, 17-28) poja\u0161njene su tri na\u010dina na koji \u010dovjek gleda na smrt: egocentri\u010dni, heterocentri\u010dni i teocentri\u010dni. Gledano iz Bo\u017eje dinamike, \u010dovjek ne umire slu\u010dajno nego onda kada je zavr\u0161io svoje \u017eivotno poslanje. Bog koji je dao \u017eivot u vremenu, On ga i uzima kad do\u0111e vrijeme. Ovaj pogled na smrt, kao prijelaz u novi misterij \u017eivota, jest \u010dovjekovu razumu neshvatljiv, neprihvatljiv, te jedino vjerom, aktivnim duhovnim \u017eivotom, mo\u017ee razumjeti smiso smrti i finalizaciju ovozemnog puta.<\/span><\/p>\n<p style=\"text-align: justify;\"><span style=\"font-family: verdana, geneva, sans-serif; font-size: 14pt;\"><img loading=\"lazy\" decoding=\"async\" class=\"alignleft wp-image-2691 size-medium\" src=\"https:\/\/obitelj-vn.org\/wp-content\/uploads\/2018\/06\/IMG_2652-Medium-300x200.jpg\" alt=\"\" width=\"300\" height=\"200\" srcset=\"https:\/\/obitelj-vn.org\/wp-content\/uploads\/2018\/06\/IMG_2652-Medium-300x200.jpg 300w, https:\/\/obitelj-vn.org\/wp-content\/uploads\/2018\/06\/IMG_2652-Medium-768x512.jpg 768w, https:\/\/obitelj-vn.org\/wp-content\/uploads\/2018\/06\/IMG_2652-Medium-1024x683.jpg 1024w, https:\/\/obitelj-vn.org\/wp-content\/uploads\/2018\/06\/IMG_2652-Medium-272x182.jpg 272w, https:\/\/obitelj-vn.org\/wp-content\/uploads\/2018\/06\/IMG_2652-Medium.jpg 1152w\" sizes=\"auto, (max-width: 300px) 100vw, 300px\" \/>Nakon predavanja uslijedila je grupna dinamika, gdje su sudionici zajedno s psihoterapeutkinjom, dr. Smoljo, mogli reflektirati i dati svoj osvrt na teoretski dio, te prakti\u010dnim radom u grupi podijeliti svoja bolna iskustva gubitka, rastanka, i odlaska bliskih osoba. Psihoterapija je lije\u010denje razgovorom u empati\u010dnom i sigurnom okru\u017eenju, tako su i iskustva sudionika na kraju dvosatne radionice bila afirmativna u smislu da im je razgovor o bolnim temama olak\u0161ao du\u0161u.<\/span><\/p>\n<p style=\"text-align: justify;\"><span style=\"font-family: verdana, geneva, sans-serif; font-size: 14pt;\">S obzirom na ljetni period i vrijeme odmora seminari i grupna dinamika ne\u0107e se odr\u017eavati u mjesecu srpnju i kolovozu. Nastavak seminara i radionica planiran je u rujnu 2018.<\/span><\/p>\n","protected":false},"excerpt":{"rendered":"<p>&nbsp; U organizaciji Centra za savjetovanje Vrhbosanske nadbiskupije i \u017eupnog Caritasa \u017eupe Presvetog Trojstva u Novom Sarajevo, u utorak 19. lipnja odr\u017ean je drugi seminar za roditelje koji su izgubili djecu ili imaju djecu s pote\u0161ko\u0107ama. Predavanje i radionica uprili\u010deni su u \u017eupnom pastoralnom centru Josip Stadler s po\u010detkom u 18.30 sati. Na po\u010detku susreta nazo\u010dne je pozdravio vl\u010d. Marinko Filipovi\u0107, po\u017eelio plodan rad te pozvao sudionike da se otvore i po mogu\u0107nosti podijele svoja iskustva u vezi s bolnom gubitka. Pored pozdrava i dobrodo\u0161lice \u017eupnik Filipovi\u0107 je i aktivno&#8230; <\/p>\n","protected":false},"author":1,"featured_media":2689,"comment_status":"closed","ping_status":"closed","sticky":false,"template":"","format":"standard","meta":{"footnotes":""},"categories":[5,50],"tags":[],"class_list":["post-2688","post","type-post","status-publish","format-standard","has-post-thumbnail","hentry","category-dogadanja","category-seminar"],"_links":{"self":[{"href":"https:\/\/obitelj-vn.org\/index.php?rest_route=\/wp\/v2\/posts\/2688","targetHints":{"allow":["GET"]}}],"collection":[{"href":"https:\/\/obitelj-vn.org\/index.php?rest_route=\/wp\/v2\/posts"}],"about":[{"href":"https:\/\/obitelj-vn.org\/index.php?rest_route=\/wp\/v2\/types\/post"}],"author":[{"embeddable":true,"href":"https:\/\/obitelj-vn.org\/index.php?rest_route=\/wp\/v2\/users\/1"}],"replies":[{"embeddable":true,"href":"https:\/\/obitelj-vn.org\/index.php?rest_route=%2Fwp%2Fv2%2Fcomments&post=2688"}],"version-history":[{"count":2,"href":"https:\/\/obitelj-vn.org\/index.php?rest_route=\/wp\/v2\/posts\/2688\/revisions"}],"predecessor-version":[{"id":2694,"href":"https:\/\/obitelj-vn.org\/index.php?rest_route=\/wp\/v2\/posts\/2688\/revisions\/2694"}],"wp:featuredmedia":[{"embeddable":true,"href":"https:\/\/obitelj-vn.org\/index.php?rest_route=\/wp\/v2\/media\/2689"}],"wp:attachment":[{"href":"https:\/\/obitelj-vn.org\/index.php?rest_route=%2Fwp%2Fv2%2Fmedia&parent=2688"}],"wp:term":[{"taxonomy":"category","embeddable":true,"href":"https:\/\/obitelj-vn.org\/index.php?rest_route=%2Fwp%2Fv2%2Fcategories&post=2688"},{"taxonomy":"post_tag","embeddable":true,"href":"https:\/\/obitelj-vn.org\/index.php?rest_route=%2Fwp%2Fv2%2Ftags&post=2688"}],"curies":[{"name":"wp","href":"https:\/\/api.w.org\/{rel}","templated":true}]}}