{"id":2658,"date":"2018-06-17T19:19:57","date_gmt":"2018-06-17T19:19:57","guid":{"rendered":"https:\/\/obitelj-vn.org\/?p=2658"},"modified":"2018-06-18T19:41:59","modified_gmt":"2018-06-18T19:41:59","slug":"treca-kateheza-za-obitelji-kao-priprava-za-obiteljski-dan-u-bih","status":"publish","type":"post","link":"https:\/\/obitelj-vn.org\/?p=2658","title":{"rendered":"TRE\u0106A KATEHEZA ZA OBITELJI KAO PRIPRAVA ZA OBITELJSKI DAN U BIH"},"content":{"rendered":"<p>&nbsp;<\/p>\n<p style=\"text-align: justify;\"><span style=\"font-family: verdana, geneva, sans-serif; font-size: 14pt;\">U organizaciji Ureda za brak i obitelj i Centra za savjetovanje Vrhbosanske nadbiskupije, u subotu 16. lipnja 2018. godine, odr\u017eana je tre\u0107a u nizu kateheza za obitelji u Usorskom dekanatu. Susret je organiziran u suradnji s usorskim dekanom, pre\u010d. Borisom Salapi\u0107em, a odr\u017ean je u pastoralnom centru \u017eupe sv. Ivana Krstitelja u Jelahu. Cilj kateheza jeste\u00a0 priprava za\u00a0<em>Obiteljski dan za BiH<\/em>\u00a0koji \u0107e biti uprili\u010den, 29. srpnja 2018. godine u crkvi Svete Obitelji na Kupresu, te kao priprava za\u00a0<em>Tre\u0107i nacionalni susret hrvatskih katoli\u010dkih obitelji\u00a0<\/em>koji \u0107e se odr\u017eati 15. i 16. rujna u Splitu i Solinu pod geslom<em>\u00a0\u201eObitelj \u2013 izvor \u017eivota i radosti\u201c.<\/em><\/span><\/p>\n<p style=\"text-align: justify;\"><span style=\"font-family: verdana, geneva, sans-serif; font-size: 14pt;\"><img loading=\"lazy\" decoding=\"async\" class=\"wp-image-2659 size-medium alignleft\" src=\"https:\/\/obitelj-vn.org\/wp-content\/uploads\/2018\/06\/IMG-94d023e4e8f9991850d06183079733c7-V-225x300.jpg\" alt=\"\" width=\"225\" height=\"300\" srcset=\"https:\/\/obitelj-vn.org\/wp-content\/uploads\/2018\/06\/IMG-94d023e4e8f9991850d06183079733c7-V-225x300.jpg 225w, https:\/\/obitelj-vn.org\/wp-content\/uploads\/2018\/06\/IMG-94d023e4e8f9991850d06183079733c7-V-768x1024.jpg 768w, https:\/\/obitelj-vn.org\/wp-content\/uploads\/2018\/06\/IMG-94d023e4e8f9991850d06183079733c7-V.jpg 960w\" sizes=\"auto, (max-width: 225px) 100vw, 225px\" \/>Katehezu na temu\u00a0Bog \u2013 \u00a0izvor maj\u010dinstva \u2013 kako otkriti njegovo maj\u010dinsko lice i prisutnost Duha Svetoga u svakom maj\u010dinstvu predvodila je profesorica pedagogije, mr. sc. Ivana Katavi\u0107. Pored nazo\u010dnih bra\u010dnih parova, susretu je nazo\u010dio i \u017eupnik vl\u010d. Ilija Marinovi\u0107a. Nakon\u00a0 predstavljanja \u00a0i upoznavanja \u00a0kao i uvodne molitve, prof. Katavi\u0107 govorila je o poslanju \u017eene i majke isti\u010du\u0107i razli\u010dite dimenzije misije koju je Bog povjerio \u017eeni. \u201eIzvor maj\u010dinstva je u Bogu, koje se o\u010dituje u zajedni\u0161tvu, nesebi\u010dnom darivanju i bezuvjetnoj ljubavi\u201c istakla je prof. Katavi\u0107. Va\u017enost i prisutnost \u017eena kroz evan\u0111elje protuma\u010deno je kroz primjere \u017eena koje su bile vjerene Isusove u\u010denice, pratiteljice na kri\u017enom putu, prve koje su bile utje\u0161ene, s posebnim naglaskom na ulogu Marije Magdalene.<\/span><\/p>\n<p style=\"text-align: justify;\"><span style=\"font-family: verdana, geneva, sans-serif; font-size: 14pt;\">Zajedni\u010dka diskusija bila je na temu osobnog odnosa prema Bogu, pote\u0161ko\u0107ama u komunikaciji s Bogom i bli\u017enjima. Diskusiju je obogatilo i evan\u0111eosko utemeljenje primarnih pedago\u0161kih na\u010dela za odgoj. Kroz karakteristi\u010dne \u017eenske likove iz Biblije, dobila se\u00a0 mogu\u0107nost zrcaljenja vlastitih karakternih osobina i stavova, kao i uvid za korekcijom istih.<\/span><\/p>\n<p style=\"text-align: justify;\"><span style=\"font-family: verdana, geneva, sans-serif; font-size: 14pt;\">Susret je zavr\u0161io pozivom obitelji da se pridru\u017ee proslavi Obiteljskog dana na Kupresu te Splitu i Solinu.<\/span><\/p>\n<p>&nbsp;<\/p>\n<p style=\"text-align: right;\"><span style=\"font-family: verdana, geneva, sans-serif; font-size: 14pt;\">Mr. sc. Ivana Katavi\u0107<\/span><\/p>\n","protected":false},"excerpt":{"rendered":"<p>&nbsp; U organizaciji Ureda za brak i obitelj i Centra za savjetovanje Vrhbosanske nadbiskupije, u subotu 16. lipnja 2018. godine, odr\u017eana je tre\u0107a u nizu kateheza za obitelji u Usorskom dekanatu. Susret je organiziran u suradnji s usorskim dekanom, pre\u010d. Borisom Salapi\u0107em, a odr\u017ean je u pastoralnom centru \u017eupe sv. Ivana Krstitelja u Jelahu. Cilj kateheza jeste\u00a0 priprava za\u00a0Obiteljski dan za BiH\u00a0koji \u0107e biti uprili\u010den, 29. srpnja 2018. godine u crkvi Svete Obitelji na Kupresu, te kao priprava za\u00a0Tre\u0107i nacionalni susret hrvatskih katoli\u010dkih obitelji\u00a0koji \u0107e se odr\u017eati 15. i 16&#8230;. <\/p>\n","protected":false},"author":1,"featured_media":2660,"comment_status":"closed","ping_status":"closed","sticky":false,"template":"","format":"standard","meta":{"footnotes":""},"categories":[5,49,44],"tags":[],"class_list":["post-2658","post","type-post","status-publish","format-standard","has-post-thumbnail","hentry","category-dogadanja","category-kateheza","category-usorski-dekanat"],"_links":{"self":[{"href":"https:\/\/obitelj-vn.org\/index.php?rest_route=\/wp\/v2\/posts\/2658","targetHints":{"allow":["GET"]}}],"collection":[{"href":"https:\/\/obitelj-vn.org\/index.php?rest_route=\/wp\/v2\/posts"}],"about":[{"href":"https:\/\/obitelj-vn.org\/index.php?rest_route=\/wp\/v2\/types\/post"}],"author":[{"embeddable":true,"href":"https:\/\/obitelj-vn.org\/index.php?rest_route=\/wp\/v2\/users\/1"}],"replies":[{"embeddable":true,"href":"https:\/\/obitelj-vn.org\/index.php?rest_route=%2Fwp%2Fv2%2Fcomments&post=2658"}],"version-history":[{"count":3,"href":"https:\/\/obitelj-vn.org\/index.php?rest_route=\/wp\/v2\/posts\/2658\/revisions"}],"predecessor-version":[{"id":2663,"href":"https:\/\/obitelj-vn.org\/index.php?rest_route=\/wp\/v2\/posts\/2658\/revisions\/2663"}],"wp:featuredmedia":[{"embeddable":true,"href":"https:\/\/obitelj-vn.org\/index.php?rest_route=\/wp\/v2\/media\/2660"}],"wp:attachment":[{"href":"https:\/\/obitelj-vn.org\/index.php?rest_route=%2Fwp%2Fv2%2Fmedia&parent=2658"}],"wp:term":[{"taxonomy":"category","embeddable":true,"href":"https:\/\/obitelj-vn.org\/index.php?rest_route=%2Fwp%2Fv2%2Fcategories&post=2658"},{"taxonomy":"post_tag","embeddable":true,"href":"https:\/\/obitelj-vn.org\/index.php?rest_route=%2Fwp%2Fv2%2Ftags&post=2658"}],"curies":[{"name":"wp","href":"https:\/\/api.w.org\/{rel}","templated":true}]}}