{"id":2472,"date":"2018-05-30T09:28:35","date_gmt":"2018-05-30T09:28:35","guid":{"rendered":"https:\/\/obitelj-vn.org\/?p=2472"},"modified":"2018-06-15T13:27:07","modified_gmt":"2018-06-15T13:27:07","slug":"seminar-za-roditelje-koji-su-izgubili-djecu-ili-imaju-djecu-s-posebnim-potrebama","status":"publish","type":"post","link":"https:\/\/obitelj-vn.org\/?p=2472","title":{"rendered":"SEMINAR ZA RODITELJE KOJI SU IZGUBILI DJECU ILI IMAJU DJECU S POSEBNIM POTREBAMA"},"content":{"rendered":"<p style=\"text-align: justify;\"><span style=\"font-family: verdana, geneva, sans-serif; font-size: 12pt;\">U organizaciji Centra za savjetovanje Vrhbosanske nadbiskupije i \u017eupnog Caritasa \u017eupe Presvetog Trojstva u Novom Sarajevo, u srijedu, 30. svibnja 2018. odr\u017ean je prvi ciklus predavanja za roditelje koji su izgubili djecu ili imaju djecu s posebnim potrebama. Predavanje i radionica uprili\u010deni su u \u017eupnom pastoralnom centru Josip Stadler u ve\u010dernjim satima.<\/span><\/p>\n<p style=\"text-align: justify;\"><span style=\"font-family: verdana, geneva, sans-serif; font-size: 12pt;\"><img loading=\"lazy\" decoding=\"async\" class=\"alignleft wp-image-2473\" src=\"https:\/\/obitelj-vn.org\/wp-content\/uploads\/2018\/05\/IMG_2621-Medium-300x200.jpg\" alt=\"\" width=\"400\" height=\"267\" srcset=\"https:\/\/obitelj-vn.org\/wp-content\/uploads\/2018\/05\/IMG_2621-Medium-300x200.jpg 300w, https:\/\/obitelj-vn.org\/wp-content\/uploads\/2018\/05\/IMG_2621-Medium-768x512.jpg 768w, https:\/\/obitelj-vn.org\/wp-content\/uploads\/2018\/05\/IMG_2621-Medium-1024x683.jpg 1024w, https:\/\/obitelj-vn.org\/wp-content\/uploads\/2018\/05\/IMG_2621-Medium-272x182.jpg 272w, https:\/\/obitelj-vn.org\/wp-content\/uploads\/2018\/05\/IMG_2621-Medium.jpg 1152w\" sizes=\"auto, (max-width: 400px) 100vw, 400px\" \/>Na po\u010detku susreta nazo\u010dne je pozdravio vl\u010d. Marinko Filipovi\u0107, po\u017eelio plodan rad te istakao da je ovo projekt koji \u017eupni Caritas u suradnji s Centrom za savjetovanje VN planira realizirati jedanput mjese\u010dno kroz du\u017ei vremenski period. Pored zainteresiranih \u017eupljana na susretu je nazo\u010dila predstavnica Caritasa Vrhbosanske nadbiskupije te profesori iz jedne sarajevske \u0161kole koju poha\u0111aju djeca s posebnim potrebama.<\/span><\/p>\n<p style=\"text-align: justify;\"><span style=\"font-family: verdana, geneva, sans-serif; font-size: 12pt;\">Predavanje na temu: \u201eGubitak, \u017ealovanje i pru\u017eanje potpore\u201c odr\u017eala je dr. Sanda D. Smoljo (teologinja, psihologinja, psihoterapeutkinja), voditeljica Centra za savjetovanje VN. U svom izlaganju dr. Smoljo je objasnila \u0161to je \u017ealovanje, kako se odvija kroz \u010detiri faze te koji se zadaci u procesu \u017ealovanja trebaju posti\u0107i kako bi se sam proces zavr\u0161io na prirodan i zdrav na\u010din. \u201e\u017dalovanje uklju\u010duje fizi\u010dki, emocionalni, kognitivni, bihevioralni i duhovni odgovor na stvarni ili fantazirani gubitak bliske osobe, i mo\u017ee trajati 9 mjeseci, dvije godine ili vi\u0161e godina. U procesu \u017ealovanja va\u017eno je da osoba ima podr\u0161ku obitelji, zajednice, ali i priliku <\/span><span style=\"font-family: verdana, geneva, sans-serif; font-size: 12pt;\"><img loading=\"lazy\" decoding=\"async\" class=\"alignright wp-image-2474\" src=\"https:\/\/obitelj-vn.org\/wp-content\/uploads\/2018\/05\/IMG_2624-Medium-300x200.jpg\" alt=\"\" width=\"400\" height=\"267\" srcset=\"https:\/\/obitelj-vn.org\/wp-content\/uploads\/2018\/05\/IMG_2624-Medium-300x200.jpg 300w, https:\/\/obitelj-vn.org\/wp-content\/uploads\/2018\/05\/IMG_2624-Medium-768x512.jpg 768w, https:\/\/obitelj-vn.org\/wp-content\/uploads\/2018\/05\/IMG_2624-Medium-1024x683.jpg 1024w, https:\/\/obitelj-vn.org\/wp-content\/uploads\/2018\/05\/IMG_2624-Medium-272x182.jpg 272w, https:\/\/obitelj-vn.org\/wp-content\/uploads\/2018\/05\/IMG_2624-Medium.jpg 1152w\" sizes=\"auto, (max-width: 400px) 100vw, 400px\" \/><\/span><span style=\"font-family: verdana, geneva, sans-serif; font-size: 12pt;\">konsultirati stru\u010dnu pomo\u0107, ukoliko je to potrebno, kako bi se gubitak prihvatio na zdrav na\u010din te kako proces \u017ealovanja ne <\/span><span style=\"font-family: verdana, geneva, sans-serif; font-size: 12pt;\">bi postao poreme\u0107en i zavr\u0161io u patolo\u0161kom procesu, \u010desto manifestan kao depresivno stanje ili neki oblik ovisnosti (alkoholizam, pretjeran rad, i druge ovisnosti)\u201c istakla je dr. Smoljo.<\/span><\/p>\n<p style=\"text-align: justify;\"><span style=\"font-family: verdana, geneva, sans-serif; font-size: 12pt;\">Nakon predavanja uslijedila je radionica na kojoj su sudionici koji su izgubili blisku osobu mogli podijeliti svoja bolna iskustva, verbalizirati svoju tugu, te kroz podr\u0161ku zajednice osjetiti razumijevanje i pomo\u0107 u prihva\u0107anju gubitka.<\/span><\/p>\n<p style=\"text-align: justify;\"><span style=\"font-family: verdana, geneva, sans-serif; font-size: 12pt;\">Sljede\u0107i ciklus predavanja bit \u0107e uprili\u010den u \u017eupi Presvetog Trojstva, u utorak 19. lipnja 2018. godine s po\u010detkom u 18.30 sati. <\/span><\/p>\n","protected":false},"excerpt":{"rendered":"<p>U organizaciji Centra za savjetovanje Vrhbosanske nadbiskupije i \u017eupnog Caritasa \u017eupe Presvetog Trojstva u Novom Sarajevo, u srijedu, 30. svibnja 2018. odr\u017ean je prvi ciklus predavanja za roditelje koji su izgubili djecu ili imaju djecu s posebnim potrebama. Predavanje i radionica uprili\u010deni su u \u017eupnom pastoralnom centru Josip Stadler u ve\u010dernjim satima. Na po\u010detku susreta nazo\u010dne je pozdravio vl\u010d. Marinko Filipovi\u0107, po\u017eelio plodan rad te istakao da je ovo projekt koji \u017eupni Caritas u suradnji s Centrom za savjetovanje VN planira realizirati jedanput mjese\u010dno kroz du\u017ei vremenski period. Pored zainteresiranih&#8230; <\/p>\n","protected":false},"author":1,"featured_media":2474,"comment_status":"open","ping_status":"closed","sticky":false,"template":"","format":"standard","meta":{"footnotes":""},"categories":[5,50],"tags":[],"class_list":["post-2472","post","type-post","status-publish","format-standard","has-post-thumbnail","hentry","category-dogadanja","category-seminar"],"_links":{"self":[{"href":"https:\/\/obitelj-vn.org\/index.php?rest_route=\/wp\/v2\/posts\/2472","targetHints":{"allow":["GET"]}}],"collection":[{"href":"https:\/\/obitelj-vn.org\/index.php?rest_route=\/wp\/v2\/posts"}],"about":[{"href":"https:\/\/obitelj-vn.org\/index.php?rest_route=\/wp\/v2\/types\/post"}],"author":[{"embeddable":true,"href":"https:\/\/obitelj-vn.org\/index.php?rest_route=\/wp\/v2\/users\/1"}],"replies":[{"embeddable":true,"href":"https:\/\/obitelj-vn.org\/index.php?rest_route=%2Fwp%2Fv2%2Fcomments&post=2472"}],"version-history":[{"count":1,"href":"https:\/\/obitelj-vn.org\/index.php?rest_route=\/wp\/v2\/posts\/2472\/revisions"}],"predecessor-version":[{"id":2475,"href":"https:\/\/obitelj-vn.org\/index.php?rest_route=\/wp\/v2\/posts\/2472\/revisions\/2475"}],"wp:featuredmedia":[{"embeddable":true,"href":"https:\/\/obitelj-vn.org\/index.php?rest_route=\/wp\/v2\/media\/2474"}],"wp:attachment":[{"href":"https:\/\/obitelj-vn.org\/index.php?rest_route=%2Fwp%2Fv2%2Fmedia&parent=2472"}],"wp:term":[{"taxonomy":"category","embeddable":true,"href":"https:\/\/obitelj-vn.org\/index.php?rest_route=%2Fwp%2Fv2%2Fcategories&post=2472"},{"taxonomy":"post_tag","embeddable":true,"href":"https:\/\/obitelj-vn.org\/index.php?rest_route=%2Fwp%2Fv2%2Ftags&post=2472"}],"curies":[{"name":"wp","href":"https:\/\/api.w.org\/{rel}","templated":true}]}}