{"id":2458,"date":"2018-05-20T16:29:58","date_gmt":"2018-05-20T16:29:58","guid":{"rendered":"https:\/\/obitelj-vn.org\/?p=2458"},"modified":"2018-05-20T16:32:55","modified_gmt":"2018-05-20T16:32:55","slug":"odrzana-prva-sjednica-organizacijskog-odbora-za-proslavu-obiteljskog-dana-u-bih","status":"publish","type":"post","link":"https:\/\/obitelj-vn.org\/?p=2458","title":{"rendered":"ODR\u017dANA PRVA SJEDNICA ORGANIZACIJSKOG ODBORA ZA PROSLAVU OBITELJSKOG DANA U BIH"},"content":{"rendered":"<p style=\"text-align: justify;\"><span style=\"font-family: verdana, geneva, sans-serif; font-size: 12pt;\">Pod predsjedanjem pomo\u0107nog biskupa banjolu\u010dkog mons. Marka Semrena, predsjednika Vije\u0107a za obitelj Biskupske konferencije Bosne i Hercegovine, 18. svibnja 2018. u \u017eupnoj ku\u0107i u Otinovcima pokraj Kupresa odr\u017eana je prva sjednica Organizacijskog odbora za proslavu Obiteljskog dana u Bosni i Hercegovini koji \u0107e biti uprili\u010den u nedjelju, 29. srpnja 2018. u \u017eupi Svete Obitelji u Kupresu.<\/span><\/p>\n<p style=\"text-align: justify;\"><span style=\"font-family: verdana, geneva, sans-serif; font-size: 12pt;\">Govore\u0107i o va\u017enosti predstoje\u0107eg Obiteljskog dana, biskup Semren istaknuo je da su obitelji nositeljice \u017eivota, nada i budu\u0107nost Bosne i Hercegovine te da su katoli\u010dki supru\u017enici sakramentom svete \u017eenidbe postali intimna zajednica \u017eivota i ljubavi te kao takvi osposobljeni biti prvom \u017eivotnom stanicom dru\u0161tva i prvom \u0161kolom dru\u0161tvenih vrlina. Izrazio je uvjerenje da su obitelji \u017eeljne i voljne rije\u010dju i primjerom svjedo\u010diti svoju vjeru, te zauzeto i aktivno sudjelovati u dru\u0161tvenom \u017eivotu, kao i \u017eivotu i poslanju Crkve.<\/span><\/p>\n<p style=\"text-align: justify;\"><span style=\"font-family: verdana, geneva, sans-serif; font-size: 12pt;\">Tijekom zasjedanja bilo je rije\u010di o poduzetim aktivnostima u vezi s informiranjem \u017eupnika i dekana na razini svih biskupija u BiH o katehezama na temu \u201eIzazov maj\u010dinstva\u201c kao pripravi za Obiteljski dan u BiH, ali i za Tre\u0107i nacionalni susret hrvatskih katoli\u010dkih obitelji koje \u0107e se odr\u017eati 15. i 16. rujna u Splitu i Solinu pod geslom \u201eObitelj \u2013 izvor \u017eivota i radosti\u201c. I ovom prigodom istaknuto je da se ovim katehezama i susretima na dekanatskoj razini \u017eeli animirati obiteljske zajednice, povezati ih, i raditi s njima na ljudskoj i kr\u0161\u0107anskoj zrelosti za ovu prigodu, ali i kroz naredne godine. Razgovarano je i o tiskanju prigodnih plakata i drugih materijala te o medijskoj pripravi Obiteljskog dana u BiH.<\/span><\/p>\n<p style=\"text-align: justify;\"><span style=\"font-family: verdana, geneva, sans-serif; font-size: 12pt;\">\u010clanovi Organizacijskog odbora razmi\u0161ljali su i o prakti\u010dnoj pripremi sredi\u0161njeg Euharistijskog slavlja u nedjelju, 29. srpnja 2018. u 11 sati u \u017eupi Svete Obitelji u Kupresu koja je upravo i izabrana zato \u0161to je posve\u0107ena Svetoj Obitelji Isusa, Marije i Josipa, ali i kao susreti\u0161te triju biskupija u BiH. Dogovoreno je da bude slavljena i Sveta misa uo\u010dnica u subotu, 28. srpnja u ve\u010dernjim satima te da bude organiziran prigodni koncert.<\/span><\/p>\n<p style=\"text-align: justify;\"><span style=\"font-family: verdana, geneva, sans-serif; font-size: 12pt;\">\u201eNeka Gospodin Isus, koji je dijelio brige i radosti ljudskoga roda, blagoslovi sve vas, drage na\u0161e obitelji, kako bismo u vjernosti i ljubavi bili gorljivi, a u molitvi postojani, te postali ono \u0161to vam je, po Bo\u017ejem naumu u \u010dinu stvaranja i krsnom preporo\u0111enju u sakramentu svete \u017eenidbe, planirano i odre\u0111eno. S tom nadom, vjerom, rado\u0161\u0107u i zahvalno\u0161\u0107u sve vas od srca blagoslivljam i poti\u010dem da budite ponosni na svoje hrvatske i katoli\u010dke korijene, budite vjerni savezu kojim vas je Bog povezao i u\u010dio da \u017eivite u zajedni\u0161tvu, te kao prva \u017eivotna stanica dru\u0161tva budite u slu\u017ebi \u017eivota i izgradnji Bo\u017ejega kraljevstva na zemlji\u201c, poru\u010dio je biskup Semren. (kta)<\/span><\/p>\n<div id=\"grid-gallery-33-396\" data-gg-id=\"33\" data-title=\"ODR\u017dANA PRVA SJEDNICA ORGANIZACIJSKOG ODBORA ZA PROSLAVU OBITELJSKOG DANA U BIH\" data-grid-type=\"2\" data-offset=\"5.3\" data-area-position=\"center\" data-icons=\"\" data-preloader=\"true\" data-width=\"auto\" data-height=\"215\" data-padding=\"0\" data-quicksand=\"disabled\" data-quicksand-duration=\"1800\" data-popup-theme=\"theme_6\" data-popup-type=\"pretty-photo\" data-popup-image-text=\"data-description\" data-popup-widthsize=\"auto\" data-popup-heightsize=\"auto\" data-popup-i18n-words=\"{&quot;close&quot;:&quot;close&quot;,&quot;next&quot;:&quot;next&quot;,&quot;previous&quot;:&quot;previous&quot;,&quot;start_slideshow&quot;:&quot;start slideshow&quot;,&quot;stop_slideshow&quot;:&quot;stop slideshow&quot;,&quot;image&quot;:&quot;image&quot;,&quot;of&quot;:&quot;of&quot;,&quot;prev&quot;:&quot;prev&quot;,&quot;cExpand&quot;:&quot;Expand&quot;,&quot;cPrevious&quot;:&quot;Previous&quot;,&quot;cNext&quot;:&quot;Next&quot;,&quot;cExpandStr&quot;:&quot;Expand the image&quot;,&quot;cRotate&quot;:&quot;Rotate&quot;,&quot;cDetails&quot;:&quot;Details&quot;}\" data-popup-slideshow=\"false\" data-popup-slideshow-speed=\"2500\" data-popup-hoverstop=\"true\" data-popup-slideshow-auto=\"false\" data-popup-background=\"\" data-popup-transparency=\"30\" data-popup-disable-history=\"\" data-popup-disable-changed-url=\"\" data-popup-border-type=\"\" data-popup-border-color=\"\" data-popup-border-width=\"\" data-popup-border-enable=\"\" data-fullscreen=\"false\" data-hide-tooltip=\"false\" data-caption-font-family=\"Default\" data-caption-text-size=\"140\" data-is-mobile=\"0\" data-caption-mobile=\"false\" data-hide-long-tltp-title=\"0\" data-caption-disabled-on-mobile=\"false\" data-popup-placement-type=\"0\" data-social-sharing=\"{&quot;enabled&quot;:&quot;&quot;,&quot;gallerySharing&quot;:{&quot;enabled&quot;:null,&quot;position&quot;:null},&quot;imageSharing&quot;:{&quot;enabled&quot;:null,&quot;wrapperClass&quot;:&quot; vertical &quot;},&quot;popupSharing&quot;:{&quot;enabled&quot;:null,&quot;wrapperClass&quot;:&quot; vertical &quot;}}\" class=\"grid-gallery grid-gallery-fixed \" style=\" width:100%; height:auto; margin-left:auto; margin-right:auto;position:relative;\"> <div class=\"gallery-loading\"> <div class=\"blocks\"> <div class=\"block\"><\/div> <div class=\"block\"><\/div> <div class=\"block\"><\/div> <div class=\"block\"><\/div> <\/div> <\/div> <div class=\"gallery-sharing-top\" style=\"display:none;\"> <\/div> <div id=\"photos-33\" class=\"grid-gallery-photos\"><FIGURE class=\"grid-gallery-caption\" data-grid-gallery-type=\"quarter-two-step\" data-index=\"0\" style=\"display:none;border-radius:200;; margin:2.65px; height:2150; width:auto;\" ><div class=\"crop\" style=\"\"><img decoding=\"async\" src=\"https:\/\/obitelj-vn.org\/wp-content\/uploads\/2018\/05\/16-322x215.jpg\" class=\"ggImg ggNotInitImg\" alt=\"16\" title=\"16\" data-description=\"16\" data-caption=\"16\" data-title=\"16\" style=\" height:215px; width:auto;\" \/><\/div><FIGCAPTION class=\"\" data-alpha=\"5\" style=\"color:#ffffff; background-color:#0c0000; font-size:140; text-align:2; font-family:Default;\" ><div class=\"grid-gallery-figcaption-wrap\" style=\"\"><\/div><\/FIGCAPTION><\/FIGURE><FIGURE class=\"grid-gallery-caption\" data-grid-gallery-type=\"quarter-two-step\" data-index=\"1\" style=\"display:none;border-radius:200;; margin:2.65px; height:2150; width:auto;\" ><div class=\"crop\" style=\"\"><img decoding=\"async\" src=\"https:\/\/obitelj-vn.org\/wp-content\/uploads\/2018\/05\/02-322x215.jpg\" class=\"ggImg ggNotInitImg\" alt=\"02\" title=\"02\" data-description=\"02\" data-caption=\"02\" data-title=\"02\" style=\" height:215px; width:auto;\" \/><\/div><FIGCAPTION class=\"\" data-alpha=\"5\" style=\"color:#ffffff; background-color:#0c0000; font-size:140; text-align:2; font-family:Default;\" ><div class=\"grid-gallery-figcaption-wrap\" style=\"\"><\/div><\/FIGCAPTION><\/FIGURE><FIGURE class=\"grid-gallery-caption\" data-grid-gallery-type=\"quarter-two-step\" data-index=\"2\" style=\"display:none;border-radius:200;; margin:2.65px; height:2150; width:auto;\" ><div class=\"crop\" style=\"\"><img decoding=\"async\" src=\"https:\/\/obitelj-vn.org\/wp-content\/uploads\/2018\/05\/03-322x215.jpg\" class=\"ggImg ggNotInitImg\" alt=\"03\" title=\"03\" data-description=\"03\" data-caption=\"03\" data-title=\"03\" style=\" height:215px; width:auto;\" \/><\/div><FIGCAPTION class=\"\" data-alpha=\"5\" style=\"color:#ffffff; background-color:#0c0000; font-size:140; text-align:2; font-family:Default;\" ><div class=\"grid-gallery-figcaption-wrap\" style=\"\"><\/div><\/FIGCAPTION><\/FIGURE><FIGURE class=\"grid-gallery-caption\" data-grid-gallery-type=\"quarter-two-step\" data-index=\"3\" style=\"display:none;border-radius:200;; margin:2.65px; height:2150; width:auto;\" ><div class=\"crop\" style=\"\"><img decoding=\"async\" src=\"https:\/\/obitelj-vn.org\/wp-content\/uploads\/2018\/05\/04-322x215.jpg\" class=\"ggImg ggNotInitImg\" alt=\"04\" title=\"04\" data-description=\"04\" data-caption=\"04\" data-title=\"04\" style=\" height:215px; width:auto;\" \/><\/div><FIGCAPTION class=\"\" data-alpha=\"5\" style=\"color:#ffffff; background-color:#0c0000; font-size:140; text-align:2; font-family:Default;\" ><div class=\"grid-gallery-figcaption-wrap\" style=\"\"><\/div><\/FIGCAPTION><\/FIGURE><FIGURE class=\"grid-gallery-caption\" data-grid-gallery-type=\"quarter-two-step\" data-index=\"4\" style=\"display:none;border-radius:200;; margin:2.65px; height:2150; width:auto;\" ><div class=\"crop\" style=\"\"><img decoding=\"async\" src=\"https:\/\/obitelj-vn.org\/wp-content\/uploads\/2018\/05\/05-143x215.jpg\" class=\"ggImg ggNotInitImg\" alt=\"05\" title=\"05\" data-description=\"05\" data-caption=\"05\" data-title=\"05\" style=\" height:215px; width:auto;\" \/><\/div><FIGCAPTION class=\"\" data-alpha=\"5\" style=\"color:#ffffff; background-color:#0c0000; font-size:140; text-align:2; font-family:Default;\" ><div class=\"grid-gallery-figcaption-wrap\" style=\"\"><\/div><\/FIGCAPTION><\/FIGURE><FIGURE class=\"grid-gallery-caption\" data-grid-gallery-type=\"quarter-two-step\" data-index=\"5\" style=\"display:none;border-radius:200;; margin:2.65px; height:2150; width:auto;\" ><div class=\"crop\" style=\"\"><img decoding=\"async\" src=\"https:\/\/obitelj-vn.org\/wp-content\/uploads\/2018\/05\/06-143x215.jpg\" class=\"ggImg ggNotInitImg\" alt=\"06\" title=\"06\" data-description=\"06\" data-caption=\"06\" data-title=\"06\" style=\" height:215px; width:auto;\" \/><\/div><FIGCAPTION class=\"\" data-alpha=\"5\" style=\"color:#ffffff; background-color:#0c0000; font-size:140; text-align:2; font-family:Default;\" ><div class=\"grid-gallery-figcaption-wrap\" style=\"\"><\/div><\/FIGCAPTION><\/FIGURE><FIGURE class=\"grid-gallery-caption\" data-grid-gallery-type=\"quarter-two-step\" data-index=\"6\" style=\"display:none;border-radius:200;; margin:2.65px; height:2150; width:auto;\" ><div class=\"crop\" style=\"\"><img decoding=\"async\" src=\"https:\/\/obitelj-vn.org\/wp-content\/uploads\/2018\/05\/07-143x215.jpg\" class=\"ggImg ggNotInitImg\" alt=\"07\" title=\"07\" data-description=\"07\" data-caption=\"07\" data-title=\"07\" style=\" height:215px; width:auto;\" \/><\/div><FIGCAPTION class=\"\" data-alpha=\"5\" style=\"color:#ffffff; background-color:#0c0000; font-size:140; text-align:2; font-family:Default;\" ><div class=\"grid-gallery-figcaption-wrap\" style=\"\"><\/div><\/FIGCAPTION><\/FIGURE><FIGURE class=\"grid-gallery-caption\" data-grid-gallery-type=\"quarter-two-step\" data-index=\"7\" style=\"display:none;border-radius:200;; margin:2.65px; height:2150; width:auto;\" ><div class=\"crop\" style=\"\"><img decoding=\"async\" src=\"https:\/\/obitelj-vn.org\/wp-content\/uploads\/2018\/05\/08-322x215.jpg\" class=\"ggImg ggNotInitImg\" alt=\"08\" title=\"08\" data-description=\"08\" data-caption=\"08\" data-title=\"08\" style=\" height:215px; width:auto;\" \/><\/div><FIGCAPTION class=\"\" data-alpha=\"5\" style=\"color:#ffffff; background-color:#0c0000; font-size:140; text-align:2; font-family:Default;\" ><div class=\"grid-gallery-figcaption-wrap\" style=\"\"><\/div><\/FIGCAPTION><\/FIGURE><FIGURE class=\"grid-gallery-caption\" data-grid-gallery-type=\"quarter-two-step\" data-index=\"8\" style=\"display:none;border-radius:200;; margin:2.65px; height:2150; width:auto;\" ><div class=\"crop\" style=\"\"><img decoding=\"async\" src=\"https:\/\/obitelj-vn.org\/wp-content\/uploads\/2018\/05\/09-322x215.jpg\" class=\"ggImg ggNotInitImg\" alt=\"09\" title=\"09\" data-description=\"09\" data-caption=\"09\" data-title=\"09\" style=\" height:215px; width:auto;\" \/><\/div><FIGCAPTION class=\"\" data-alpha=\"5\" style=\"color:#ffffff; background-color:#0c0000; font-size:140; text-align:2; font-family:Default;\" ><div class=\"grid-gallery-figcaption-wrap\" style=\"\"><\/div><\/FIGCAPTION><\/FIGURE><FIGURE class=\"grid-gallery-caption\" data-grid-gallery-type=\"quarter-two-step\" data-index=\"9\" style=\"display:none;border-radius:200;; margin:2.65px; height:2150; width:auto;\" ><div class=\"crop\" style=\"\"><img decoding=\"async\" src=\"https:\/\/obitelj-vn.org\/wp-content\/uploads\/2018\/05\/10-322x215.jpg\" class=\"ggImg ggNotInitImg\" alt=\"10\" title=\"10\" data-description=\"10\" data-caption=\"10\" data-title=\"10\" style=\" height:215px; width:auto;\" \/><\/div><FIGCAPTION class=\"\" data-alpha=\"5\" style=\"color:#ffffff; background-color:#0c0000; font-size:140; text-align:2; font-family:Default;\" ><div class=\"grid-gallery-figcaption-wrap\" style=\"\"><\/div><\/FIGCAPTION><\/FIGURE><FIGURE class=\"grid-gallery-caption\" data-grid-gallery-type=\"quarter-two-step\" data-index=\"10\" style=\"display:none;border-radius:200;; margin:2.65px; height:2150; width:auto;\" ><div class=\"crop\" style=\"\"><img decoding=\"async\" src=\"https:\/\/obitelj-vn.org\/wp-content\/uploads\/2018\/05\/11-322x215.jpg\" class=\"ggImg ggNotInitImg\" alt=\"11\" title=\"11\" data-description=\"11\" data-caption=\"11\" data-title=\"11\" style=\" height:215px; width:auto;\" \/><\/div><FIGCAPTION class=\"\" data-alpha=\"5\" style=\"color:#ffffff; background-color:#0c0000; font-size:140; text-align:2; font-family:Default;\" ><div class=\"grid-gallery-figcaption-wrap\" style=\"\"><\/div><\/FIGCAPTION><\/FIGURE><FIGURE class=\"grid-gallery-caption\" data-grid-gallery-type=\"quarter-two-step\" data-index=\"11\" style=\"display:none;border-radius:200;; margin:2.65px; height:2150; width:auto;\" ><div class=\"crop\" style=\"\"><img decoding=\"async\" src=\"https:\/\/obitelj-vn.org\/wp-content\/uploads\/2018\/05\/12-322x215.jpg\" class=\"ggImg ggNotInitImg\" alt=\"12\" title=\"12\" data-description=\"12\" data-caption=\"12\" data-title=\"12\" style=\" height:215px; width:auto;\" \/><\/div><FIGCAPTION class=\"\" data-alpha=\"5\" style=\"color:#ffffff; background-color:#0c0000; font-size:140; text-align:2; font-family:Default;\" ><div class=\"grid-gallery-figcaption-wrap\" style=\"\"><\/div><\/FIGCAPTION><\/FIGURE><FIGURE class=\"grid-gallery-caption\" data-grid-gallery-type=\"quarter-two-step\" data-index=\"12\" style=\"display:none;border-radius:200;; margin:2.65px; height:2150; width:auto;\" ><div class=\"crop\" style=\"\"><img decoding=\"async\" src=\"https:\/\/obitelj-vn.org\/wp-content\/uploads\/2018\/05\/13-322x215.jpg\" class=\"ggImg ggNotInitImg\" alt=\"13\" title=\"13\" data-description=\"13\" data-caption=\"13\" data-title=\"13\" style=\" height:215px; width:auto;\" \/><\/div><FIGCAPTION class=\"\" data-alpha=\"5\" style=\"color:#ffffff; background-color:#0c0000; font-size:140; text-align:2; font-family:Default;\" ><div class=\"grid-gallery-figcaption-wrap\" style=\"\"><\/div><\/FIGCAPTION><\/FIGURE><FIGURE class=\"grid-gallery-caption\" data-grid-gallery-type=\"quarter-two-step\" data-index=\"13\" style=\"display:none;border-radius:200;; margin:2.65px; height:2150; width:auto;\" ><div class=\"crop\" style=\"\"><img decoding=\"async\" src=\"https:\/\/obitelj-vn.org\/wp-content\/uploads\/2018\/05\/14-322x215.jpg\" class=\"ggImg ggNotInitImg\" alt=\"14\" title=\"14\" data-description=\"14\" data-caption=\"14\" data-title=\"14\" style=\" height:215px; width:auto;\" \/><\/div><FIGCAPTION class=\"\" data-alpha=\"5\" style=\"color:#ffffff; background-color:#0c0000; font-size:140; text-align:2; font-family:Default;\" ><div class=\"grid-gallery-figcaption-wrap\" style=\"\"><\/div><\/FIGCAPTION><\/FIGURE><FIGURE class=\"grid-gallery-caption\" data-grid-gallery-type=\"quarter-two-step\" data-index=\"14\" style=\"display:none;border-radius:200;; margin:2.65px; height:2150; width:auto;\" ><div class=\"crop\" style=\"\"><img decoding=\"async\" src=\"https:\/\/obitelj-vn.org\/wp-content\/uploads\/2018\/05\/15-322x215.jpg\" class=\"ggImg ggNotInitImg\" alt=\"15\" title=\"15\" data-description=\"15\" data-caption=\"15\" data-title=\"15\" style=\" height:215px; width:auto;\" \/><\/div><FIGCAPTION class=\"\" data-alpha=\"5\" style=\"color:#ffffff; background-color:#0c0000; font-size:140; text-align:2; font-family:Default;\" ><div class=\"grid-gallery-figcaption-wrap\" style=\"\"><\/div><\/FIGCAPTION><\/FIGURE> <div class=\"grid-gallery-clearfix\"><\/div> <\/div> <div class=\"gallery-sharing-bottom\" style=\"display:none;\"> <\/div> <div class=\"gallery-sharing-image\" style=\"display:none;\"> <\/div> <div class=\"gallery-sharing-popup\" style=\"display:none;\"> <\/div> <div class=\"grid-gallery-clearfix\"><\/div> <\/div> <!-- Gallery by Supsystic plugin1.16.0 --><a title=\"WordPress Image Gallery Plugin\" style=\"display:none;\" href=\"https:\/\/supsystic.com\/plugins\/photo-gallery\/?utm_medium=love_link\" target=\"_blank\">WordPress Image Gallery Plugin<\/a>\n","protected":false},"excerpt":{"rendered":"<p>Pod predsjedanjem pomo\u0107nog biskupa banjolu\u010dkog mons. Marka Semrena, predsjednika Vije\u0107a za obitelj Biskupske konferencije Bosne i Hercegovine, 18. svibnja 2018. u \u017eupnoj ku\u0107i u Otinovcima pokraj Kupresa odr\u017eana je prva sjednica Organizacijskog odbora za proslavu Obiteljskog dana u Bosni i Hercegovini koji \u0107e biti uprili\u010den u nedjelju, 29. srpnja 2018. u \u017eupi Svete Obitelji u Kupresu. Govore\u0107i o va\u017enosti predstoje\u0107eg Obiteljskog dana, biskup Semren istaknuo je da su obitelji nositeljice \u017eivota, nada i budu\u0107nost Bosne i Hercegovine te da su katoli\u010dki supru\u017enici sakramentom svete \u017eenidbe postali intimna zajednica \u017eivota i&#8230; <\/p>\n","protected":false},"author":1,"featured_media":2457,"comment_status":"open","ping_status":"closed","sticky":false,"template":"","format":"standard","meta":{"footnotes":""},"categories":[5],"tags":[],"class_list":["post-2458","post","type-post","status-publish","format-standard","has-post-thumbnail","hentry","category-dogadanja"],"_links":{"self":[{"href":"https:\/\/obitelj-vn.org\/index.php?rest_route=\/wp\/v2\/posts\/2458","targetHints":{"allow":["GET"]}}],"collection":[{"href":"https:\/\/obitelj-vn.org\/index.php?rest_route=\/wp\/v2\/posts"}],"about":[{"href":"https:\/\/obitelj-vn.org\/index.php?rest_route=\/wp\/v2\/types\/post"}],"author":[{"embeddable":true,"href":"https:\/\/obitelj-vn.org\/index.php?rest_route=\/wp\/v2\/users\/1"}],"replies":[{"embeddable":true,"href":"https:\/\/obitelj-vn.org\/index.php?rest_route=%2Fwp%2Fv2%2Fcomments&post=2458"}],"version-history":[{"count":2,"href":"https:\/\/obitelj-vn.org\/index.php?rest_route=\/wp\/v2\/posts\/2458\/revisions"}],"predecessor-version":[{"id":2460,"href":"https:\/\/obitelj-vn.org\/index.php?rest_route=\/wp\/v2\/posts\/2458\/revisions\/2460"}],"wp:featuredmedia":[{"embeddable":true,"href":"https:\/\/obitelj-vn.org\/index.php?rest_route=\/wp\/v2\/media\/2457"}],"wp:attachment":[{"href":"https:\/\/obitelj-vn.org\/index.php?rest_route=%2Fwp%2Fv2%2Fmedia&parent=2458"}],"wp:term":[{"taxonomy":"category","embeddable":true,"href":"https:\/\/obitelj-vn.org\/index.php?rest_route=%2Fwp%2Fv2%2Fcategories&post=2458"},{"taxonomy":"post_tag","embeddable":true,"href":"https:\/\/obitelj-vn.org\/index.php?rest_route=%2Fwp%2Fv2%2Ftags&post=2458"}],"curies":[{"name":"wp","href":"https:\/\/api.w.org\/{rel}","templated":true}]}}